{"id":26902,"date":"2024-03-01T09:29:43","date_gmt":"2024-03-01T15:29:43","guid":{"rendered":"https:\/\/noticiasveracruz.com\/?p=26902"},"modified":"2024-03-01T09:29:43","modified_gmt":"2024-03-01T15:29:43","slug":"exitosa-transformacion-del-aquarium","status":"publish","type":"post","link":"https:\/\/noticiasveracruz.com\/index.php\/2024\/03\/01\/exitosa-transformacion-del-aquarium\/","title":{"rendered":"Exitosa transformaci\u00f3n del Aquarium"},"content":{"rendered":"<p><span style=\"font-size: 14pt;\">VERACRUZ.- La transformaci\u00f3n del Aquarium de Veracruz es palpable, dej\u00f3 de ser negocio privado para consolidarse como uno de los principales atractivos tur\u00edsticos del estado y patrimonio de las y los veracruzanos; cada peso recibido es invertido en la mejora de las instalaciones, la creaci\u00f3n de nuevas \u00e1reas y, sobre todo, en la preservaci\u00f3n y conservaci\u00f3n de la fauna marina ah\u00ed resguardada, afirm\u00f3 el diputado Juan Javier G\u00f3mez Cazar\u00edn, presidente de la Junta de Coordinaci\u00f3n Pol\u00edtica (JUCOPO), del Congreso local.<\/span><\/p>\n<p><span style=\"font-size: 14pt;\">\u201cEstamos viendo que con austeridad, transparencia y un manejo honesto de los recursos s\u00ed es posible tener en \u00f3ptimas condiciones a este inmueble, as\u00ed como difundir de manera l\u00fadica entre la ni\u00f1ez, adolescencia y poblaci\u00f3n en general la importancia del cuidado del medio ambiente y el respeto hacia la vida animal\u201d, dijo.<\/span><\/p>\n<p><img loading=\"lazy\" decoding=\"async\" class=\"alignnone size-medium wp-image-26903\" src=\"http:\/\/noticiasveracruz.com\/wp-content\/uploads\/2024\/03\/9a-300x225.jpg\" alt=\"\" width=\"300\" height=\"225\" srcset=\"https:\/\/noticiasveracruz.com\/wp-content\/uploads\/2024\/03\/9a-300x225.jpg 300w, https:\/\/noticiasveracruz.com\/wp-content\/uploads\/2024\/03\/9a-1024x768.jpg 1024w, https:\/\/noticiasveracruz.com\/wp-content\/uploads\/2024\/03\/9a-768x576.jpg 768w, https:\/\/noticiasveracruz.com\/wp-content\/uploads\/2024\/03\/9a.jpg 1280w\" sizes=\"auto, (max-width: 300px) 100vw, 300px\" \/><\/p>\n<p><span style=\"font-size: 14pt;\">Al acompa\u00f1ar al gobernador Cuitl\u00e1huac Garc\u00eda Jim\u00e9nez y al titular de la Procuradur\u00eda del Medio Ambiente Sergio Rodr\u00edguez Cort\u00e9s, al recorrido del nuevo lobario del Aquarium, G\u00f3mez Cazar\u00edn dijo que a casi dos a\u00f1os de la extinci\u00f3n del fideicomiso p\u00fablico del Acuario de Veracruz, la decisi\u00f3n de intervenir este inmueble fue acertada y oportuna.<\/span><\/p>\n<p><span style=\"font-size: 14pt;\">Para quienes pensaron que ser\u00eda un fracaso -apunt\u00f3- el Aquarium se posiciona como uno de los mayores atractivos tur\u00edsticos de Veracruz y del pa\u00eds, pues no hay uno de tal importancia como \u00e9ste; por ello, se le ha catalogado como el mejor no s\u00f3lo de M\u00e9xico, sino de Latinoam\u00e9rica.<\/span><\/p>\n<p><span style=\"font-size: 14pt;\">\u201c\u00a1Tomen!, para que aprendan. As\u00ed se gobierna en la Cuarta Transformaci\u00f3n. Los recursos del pueblo deben emplearse con honestidad y en beneficio de \u00e9ste, ya no es como antes que los bienes p\u00fablicos s\u00f3lo beneficiaban a empresarios afines a los gobernantes pasados\u201d, indic\u00f3.<\/span><\/p>\n","protected":false},"excerpt":{"rendered":"<p>VERACRUZ.- La transformaci\u00f3n del Aquarium de Veracruz es palpable, dej\u00f3 de ser negocio privado para consolidarse como uno de los<\/p>\n","protected":false},"author":4,"featured_media":26904,"comment_status":"closed","ping_status":"closed","sticky":false,"template":"","format":"standard","meta":{"colormag_page_container_layout":"default_layout","colormag_page_sidebar_layout":"default_layout","_jetpack_memberships_contains_paid_content":false,"footnotes":"","jetpack_publicize_message":"","jetpack_publicize_feature_enabled":true,"jetpack_social_post_already_shared":true,"jetpack_social_options":{"image_generator_settings":{"template":"highway","default_image_id":0,"font":"","enabled":false},"version":2}},"categories":[145,356],"tags":[2976,2975,98,672],"class_list":["post-26902","post","type-post","status-publish","format-standard","has-post-thumbnail","hentry","category-estados","category-veracruz","tag-acuario-veracruz","tag-aquarium","tag-cuitlahuac-garcia","tag-juan-javier-gomez-cazarin"],"jetpack_publicize_connections":[],"jetpack_featured_media_url":"https:\/\/noticiasveracruz.com\/wp-content\/uploads\/2024\/03\/9a2.jpg","jetpack_sharing_enabled":true,"publishpress_future_action":{"enabled":false,"date":"2026-05-09 04:13:43","action":"change-status","newStatus":"draft","terms":[],"taxonomy":"category","extraData":[]},"publishpress_future_workflow_manual_trigger":{"enabledWorkflows":[]},"_links":{"self":[{"href":"https:\/\/noticiasveracruz.com\/index.php\/wp-json\/wp\/v2\/posts\/26902","targetHints":{"allow":["GET"]}}],"collection":[{"href":"https:\/\/noticiasveracruz.com\/index.php\/wp-json\/wp\/v2\/posts"}],"about":[{"href":"https:\/\/noticiasveracruz.com\/index.php\/wp-json\/wp\/v2\/types\/post"}],"author":[{"embeddable":true,"href":"https:\/\/noticiasveracruz.com\/index.php\/wp-json\/wp\/v2\/users\/4"}],"replies":[{"embeddable":true,"href":"https:\/\/noticiasveracruz.com\/index.php\/wp-json\/wp\/v2\/comments?post=26902"}],"version-history":[{"count":0,"href":"https:\/\/noticiasveracruz.com\/index.php\/wp-json\/wp\/v2\/posts\/26902\/revisions"}],"wp:featuredmedia":[{"embeddable":true,"href":"https:\/\/noticiasveracruz.com\/index.php\/wp-json\/wp\/v2\/media\/26904"}],"wp:attachment":[{"href":"https:\/\/noticiasveracruz.com\/index.php\/wp-json\/wp\/v2\/media?parent=26902"}],"wp:term":[{"taxonomy":"category","embeddable":true,"href":"https:\/\/noticiasveracruz.com\/index.php\/wp-json\/wp\/v2\/categories?post=26902"},{"taxonomy":"post_tag","embeddable":true,"href":"https:\/\/noticiasveracruz.com\/index.php\/wp-json\/wp\/v2\/tags?post=26902"}],"curies":[{"name":"wp","href":"https:\/\/api.w.org\/{rel}","templated":true}]}}