{"id":26895,"date":"2024-03-01T09:11:29","date_gmt":"2024-03-01T15:11:29","guid":{"rendered":"https:\/\/noticiasveracruz.com\/?p=26895"},"modified":"2024-03-01T09:11:29","modified_gmt":"2024-03-01T15:11:29","slug":"deficit-de-especialistas-en-hospitales-sesver","status":"publish","type":"post","link":"https:\/\/noticiasveracruz.com\/index.php\/2024\/03\/01\/deficit-de-especialistas-en-hospitales-sesver\/","title":{"rendered":"D\u00e9ficit de especialistas, en hospitales: Sesver"},"content":{"rendered":"<p><span style=\"font-size: 14pt;\">Xalapa.- La secretaria de Salud de Veracruz, Guadalupe D\u00edaz del Castillo Flores reconoci\u00f3 que, en Veracruz, como a nivel nacional, hay un d\u00e9ficit importante de especialistas en los centros hospitalarios, por lo que se est\u00e1 recurriendo a las nuevas generaciones que est\u00e1n por egresar para que se sumen a la plantilla m\u00e9dica en los diferentes hospitales y centros de atenci\u00f3n.<\/span><\/p>\n<p><span style=\"font-size: 14pt;\">En entrevista, posterior al inicio de la Colecta Anual de la Cruz Roja 2024, la funcionaria estatal indic\u00f3 que esta semana se llev\u00f3 a cabo un reclutamiento de especialistas que est\u00e1n egresando de sus estudios para distribuirlos en los hospitales que hagan falta.<\/span><\/p>\n<p><span style=\"font-size: 14pt;\">\u201cEst\u00e1 abierta la plataforma hasta el 3 de marzo, todos los especialistas que quieran trabajar en el estado de Veracruz est\u00e1n las vacantes disponibles, d\u00e9ficit de especialistas no solo en la entidad, sino en todo el pa\u00eds, pero justo estamos reforzando las capacitaciones para tener m\u00e1s\u201d.<\/span><\/p>\n<p><span style=\"font-size: 14pt;\">Sostuvo que, lamentablemente, la formaci\u00f3n de especialistas no estuvo acorde a las necesidades de la poblaci\u00f3n y se tiene un desfase hist\u00f3rico, de ah\u00ed que con estas generaciones que est\u00e1n egresando, se han implementado estrategias educativas para que vayan a comunidades.<\/span><\/p>\n<p><span style=\"font-size: 14pt;\">\u201cMa\u00f1ana tenemos un pull de especialistas que se incorporan a todos los hospitales, los trasferidos al IMSS Bienestar\u201d, explic\u00f3 la tambi\u00e9n directora de los Servicios de Salud de Veracruz.<\/span><\/p>\n<p><span style=\"font-size: 14pt;\">Asimismo, reconoci\u00f3 que muchos de los especialistas que hay en la entidad prefieren trabajar en las zonas urbanas, derivado de la lejan\u00eda de las comunidades, la duplicidad de trabajos.<\/span><\/p>\n<p><span style=\"font-size: 14pt;\">Ante ello, tanto en la Secretar\u00eda de Salud como el IMSS Bienestar hay diferencias de sueldos en zonas urbanas y rurales, en estas \u00faltimas, agreg\u00f3, se cuenta con bonos adicionales en el sueldo base, pero tambi\u00e9n depende mucho de la convicci\u00f3n de las personas para regresar a sus localidades.<\/span><\/p>\n<p><span style=\"font-size: 14pt;\">Por otra parte, cuestionada en torno a la manifestaci\u00f3n de habitantes de Soledad Atzompa, quienes bloquearan la avenida Enr\u00edquez de esta capital, en d\u00edas pasados, se\u00f1al\u00f3 que se llegaron a acuerdos con los mismos para solventar la falta de personal m\u00e9dico en el Centro de Salud del municipio.<\/span><\/p>\n<p><span style=\"font-size: 14pt;\">Incluso, dio a conocer que se trata de un centro de salud con servicios ampliados de hospitalizaci\u00f3n, de los cuales solo son dos en la entidad, donde se da atenci\u00f3n de partos, cirug\u00edas de m\u00ednima invasi\u00f3n.<\/span><\/p>\n<p><span style=\"font-size: 14pt;\">\u201cSeguimos en el reclutamiento, est\u00e1 la plantilla para ser funcional, pero estamos trabajando para tener el personal que se requiere\u201d.<\/span><\/p>\n","protected":false},"excerpt":{"rendered":"<p>Xalapa.- La secretaria de Salud de Veracruz, Guadalupe D\u00edaz del Castillo Flores reconoci\u00f3 que, en Veracruz, como a nivel nacional,<\/p>\n","protected":false},"author":4,"featured_media":26896,"comment_status":"closed","ping_status":"closed","sticky":false,"template":"","format":"standard","meta":{"colormag_page_container_layout":"default_layout","colormag_page_sidebar_layout":"default_layout","_jetpack_memberships_contains_paid_content":false,"footnotes":"","jetpack_publicize_message":"","jetpack_publicize_feature_enabled":true,"jetpack_social_post_already_shared":true,"jetpack_social_options":{"image_generator_settings":{"template":"highway","default_image_id":0,"font":"","enabled":false},"version":2}},"categories":[145,356],"tags":[],"class_list":["post-26895","post","type-post","status-publish","format-standard","has-post-thumbnail","hentry","category-estados","category-veracruz"],"jetpack_publicize_connections":[],"jetpack_featured_media_url":"https:\/\/noticiasveracruz.com\/wp-content\/uploads\/2024\/03\/9b.jpg","jetpack_sharing_enabled":true,"publishpress_future_action":{"enabled":false,"date":"2026-05-09 05:58:29","action":"change-status","newStatus":"draft","terms":[],"taxonomy":"category","extraData":[]},"publishpress_future_workflow_manual_trigger":{"enabledWorkflows":[]},"_links":{"self":[{"href":"https:\/\/noticiasveracruz.com\/index.php\/wp-json\/wp\/v2\/posts\/26895","targetHints":{"allow":["GET"]}}],"collection":[{"href":"https:\/\/noticiasveracruz.com\/index.php\/wp-json\/wp\/v2\/posts"}],"about":[{"href":"https:\/\/noticiasveracruz.com\/index.php\/wp-json\/wp\/v2\/types\/post"}],"author":[{"embeddable":true,"href":"https:\/\/noticiasveracruz.com\/index.php\/wp-json\/wp\/v2\/users\/4"}],"replies":[{"embeddable":true,"href":"https:\/\/noticiasveracruz.com\/index.php\/wp-json\/wp\/v2\/comments?post=26895"}],"version-history":[{"count":0,"href":"https:\/\/noticiasveracruz.com\/index.php\/wp-json\/wp\/v2\/posts\/26895\/revisions"}],"wp:featuredmedia":[{"embeddable":true,"href":"https:\/\/noticiasveracruz.com\/index.php\/wp-json\/wp\/v2\/media\/26896"}],"wp:attachment":[{"href":"https:\/\/noticiasveracruz.com\/index.php\/wp-json\/wp\/v2\/media?parent=26895"}],"wp:term":[{"taxonomy":"category","embeddable":true,"href":"https:\/\/noticiasveracruz.com\/index.php\/wp-json\/wp\/v2\/categories?post=26895"},{"taxonomy":"post_tag","embeddable":true,"href":"https:\/\/noticiasveracruz.com\/index.php\/wp-json\/wp\/v2\/tags?post=26895"}],"curies":[{"name":"wp","href":"https:\/\/api.w.org\/{rel}","templated":true}]}}