{"id":26892,"date":"2024-03-01T09:06:33","date_gmt":"2024-03-01T15:06:33","guid":{"rendered":"https:\/\/noticiasveracruz.com\/?p=26892"},"modified":"2024-03-01T09:06:33","modified_gmt":"2024-03-01T15:06:33","slug":"concluiran-obra-antes-de-semana-santa","status":"publish","type":"post","link":"https:\/\/noticiasveracruz.com\/index.php\/2024\/03\/01\/concluiran-obra-antes-de-semana-santa\/","title":{"rendered":"Concluir\u00e1n obra antes  de Semana Santa"},"content":{"rendered":"<p><span style=\"font-size: 14pt;\">Tuxpan.- Las obras de rehabilitaci\u00f3n del bulevar en esta ciudad, ser\u00e1n terminadas en tiempo y forma, confirm\u00f3 el Presidente Municipal Jos\u00e9 Manuel Pozos Castro, qui\u00e9n despej\u00f3 las dudas existentes entre la poblaci\u00f3n por la cercan\u00eda del periodo vacacional.<\/span><\/p>\n<p><span style=\"font-size: 14pt;\">El mun\u00edcipe manifest\u00f3 que tiene el compromiso por parte de las empresas constructoras de terminar los tramos de reparaci\u00f3n que eran en el \u00e1rea del boulevard y posteriormente iniciar los trabajos de remodelaci\u00f3n de todos los andadores, los cuales se encuentran muy da\u00f1ados por el paso del tiempo, las ra\u00edces de los \u00e1rboles ficus y el socav\u00f3n que origina el r\u00edo.<\/span><\/p>\n<p><span style=\"font-size: 14pt;\">Para darle tranquilidad a toda la poblaci\u00f3n el Presidente de Tuxpan dijo que para la semana santa el boulevard estar\u00e1 abierto a toda circulaci\u00f3n, para que todos los ciudadanos de este municipio y los turistas puedan trasladarse con toda seguridad y comodidad, y ya despu\u00e9s van a continuar con las dem\u00e1s obras.<\/span><\/p>\n<p><span style=\"font-size: 14pt;\">\u00abEn el tema del boulevard los trabajos que se realizan eran muy necesarios, porque estaba y est\u00e1 muy da\u00f1ado, fueron tres tramos que se levantaron y que se volvieron a colocar con materiales de calidad y de ah\u00ed seguiremos con todo el andador de Tuxpan, que esta intransitable, da mala imagen a la ciudad y es un peligro para quienes lo usan diariamente\u00bb, enfatiz\u00f3.<\/span><\/p>\n<p><span style=\"font-size: 14pt;\">Dijo que hoy los ciudadanos deben estar tranquilos y seguros de que sus autoridades no trabajan por ocurrencias, sino con un plan establecido de gobierno y de desarrollo, hay una planeaci\u00f3n que contempla varios rubros y \u00e1reas, que siguen abonando a la transformaci\u00f3n de esta localidad.<\/span><\/p>\n","protected":false},"excerpt":{"rendered":"<p>Tuxpan.- Las obras de rehabilitaci\u00f3n del bulevar en esta ciudad, ser\u00e1n terminadas en tiempo y forma, confirm\u00f3 el Presidente Municipal<\/p>\n","protected":false},"author":4,"featured_media":26893,"comment_status":"closed","ping_status":"closed","sticky":false,"template":"","format":"standard","meta":{"colormag_page_container_layout":"default_layout","colormag_page_sidebar_layout":"default_layout","_jetpack_memberships_contains_paid_content":false,"footnotes":"","jetpack_publicize_message":"","jetpack_publicize_feature_enabled":true,"jetpack_social_post_already_shared":true,"jetpack_social_options":{"image_generator_settings":{"template":"highway","default_image_id":0,"font":"","enabled":false},"version":2}},"categories":[145,356],"tags":[2974,277,702,72],"class_list":["post-26892","post","type-post","status-publish","format-standard","has-post-thumbnail","hentry","category-estados","category-veracruz","tag-bulevar","tag-jose-manuel-pozos-castro","tag-obras","tag-tuxpan"],"jetpack_publicize_connections":[],"jetpack_featured_media_url":"https:\/\/noticiasveracruz.com\/wp-content\/uploads\/2024\/03\/4a1.jpg","jetpack_sharing_enabled":true,"publishpress_future_action":{"enabled":false,"date":"2026-05-09 06:52:32","action":"change-status","newStatus":"draft","terms":[],"taxonomy":"category","extraData":[]},"publishpress_future_workflow_manual_trigger":{"enabledWorkflows":[]},"_links":{"self":[{"href":"https:\/\/noticiasveracruz.com\/index.php\/wp-json\/wp\/v2\/posts\/26892","targetHints":{"allow":["GET"]}}],"collection":[{"href":"https:\/\/noticiasveracruz.com\/index.php\/wp-json\/wp\/v2\/posts"}],"about":[{"href":"https:\/\/noticiasveracruz.com\/index.php\/wp-json\/wp\/v2\/types\/post"}],"author":[{"embeddable":true,"href":"https:\/\/noticiasveracruz.com\/index.php\/wp-json\/wp\/v2\/users\/4"}],"replies":[{"embeddable":true,"href":"https:\/\/noticiasveracruz.com\/index.php\/wp-json\/wp\/v2\/comments?post=26892"}],"version-history":[{"count":0,"href":"https:\/\/noticiasveracruz.com\/index.php\/wp-json\/wp\/v2\/posts\/26892\/revisions"}],"wp:featuredmedia":[{"embeddable":true,"href":"https:\/\/noticiasveracruz.com\/index.php\/wp-json\/wp\/v2\/media\/26893"}],"wp:attachment":[{"href":"https:\/\/noticiasveracruz.com\/index.php\/wp-json\/wp\/v2\/media?parent=26892"}],"wp:term":[{"taxonomy":"category","embeddable":true,"href":"https:\/\/noticiasveracruz.com\/index.php\/wp-json\/wp\/v2\/categories?post=26892"},{"taxonomy":"post_tag","embeddable":true,"href":"https:\/\/noticiasveracruz.com\/index.php\/wp-json\/wp\/v2\/tags?post=26892"}],"curies":[{"name":"wp","href":"https:\/\/api.w.org\/{rel}","templated":true}]}}