{"id":26857,"date":"2024-02-29T23:23:27","date_gmt":"2024-03-01T05:23:27","guid":{"rendered":"https:\/\/noticiasveracruz.com\/?p=26857"},"modified":"2024-02-29T23:23:27","modified_gmt":"2024-03-01T05:23:27","slug":"el-h-ayuntamiento-de-tuxpan-inauguro-mas-techados-en-escuelas-primarias-y-un-aula-en-el-conalep","status":"publish","type":"post","link":"https:\/\/noticiasveracruz.com\/index.php\/2024\/02\/29\/el-h-ayuntamiento-de-tuxpan-inauguro-mas-techados-en-escuelas-primarias-y-un-aula-en-el-conalep\/","title":{"rendered":"El H. Ayuntamiento de Tuxpan inaugur\u00f3 m\u00e1s techados en escuelas primarias y un aula en el CONALEP"},"content":{"rendered":"<p><span style=\"font-size: 14pt;\">Tuxpan, Ver., 29 febrero 2024.- Ante cientos de estudiantes, maestros y padres de familia, autoridades municipales inauguraron la construcci\u00f3n de techados en \u00e1rea de impartici\u00f3n de Educaci\u00f3n F\u00edsica de las escuelas primarias \u201cVenustiano Carranza\u201d, de la colonia Adolfo Ruiz Cortines y \u201cJes\u00fas Reyes Heroles\u201d, ubicada en la colonia Alfonso Arroyo Flores.<\/span><\/p>\n<p><img loading=\"lazy\" decoding=\"async\" class=\"alignnone size-medium wp-image-26863\" src=\"http:\/\/noticiasveracruz.com\/wp-content\/uploads\/2024\/02\/WhatsApp-Image-2024-02-29-at-16.34.10-4-300x199.jpeg\" alt=\"\" width=\"300\" height=\"199\" srcset=\"https:\/\/noticiasveracruz.com\/wp-content\/uploads\/2024\/02\/WhatsApp-Image-2024-02-29-at-16.34.10-4-300x199.jpeg 300w, https:\/\/noticiasveracruz.com\/wp-content\/uploads\/2024\/02\/WhatsApp-Image-2024-02-29-at-16.34.10-4-1024x681.jpeg 1024w, https:\/\/noticiasveracruz.com\/wp-content\/uploads\/2024\/02\/WhatsApp-Image-2024-02-29-at-16.34.10-4-768x511.jpeg 768w, https:\/\/noticiasveracruz.com\/wp-content\/uploads\/2024\/02\/WhatsApp-Image-2024-02-29-at-16.34.10-4.jpeg 1280w\" sizes=\"auto, (max-width: 300px) 100vw, 300px\" \/><\/p>\n<p><span style=\"font-size: 14pt;\">Del mismo modo, se entreg\u00f3 un aula que se construy\u00f3 en las instalaciones del Conalep 165 \u201cLic. Jes\u00fas Reyes Heroles\u201d.<\/span><\/p>\n<p><span style=\"font-size: 14pt;\">El monto total invertido en estas obras fue de 4 millones 874 mil 853 pesos, provenientes del Fondo de Aportaciones para la Infraestructura Social Municipal.<\/span><\/p>\n<p><img loading=\"lazy\" decoding=\"async\" class=\"alignnone size-medium wp-image-26868\" src=\"http:\/\/noticiasveracruz.com\/wp-content\/uploads\/2024\/02\/WhatsApp-Image-2024-02-29-at-16.34.11-300x199.jpeg\" alt=\"\" width=\"300\" height=\"199\" srcset=\"https:\/\/noticiasveracruz.com\/wp-content\/uploads\/2024\/02\/WhatsApp-Image-2024-02-29-at-16.34.11-300x199.jpeg 300w, https:\/\/noticiasveracruz.com\/wp-content\/uploads\/2024\/02\/WhatsApp-Image-2024-02-29-at-16.34.11-1024x681.jpeg 1024w, https:\/\/noticiasveracruz.com\/wp-content\/uploads\/2024\/02\/WhatsApp-Image-2024-02-29-at-16.34.11-768x511.jpeg 768w, https:\/\/noticiasveracruz.com\/wp-content\/uploads\/2024\/02\/WhatsApp-Image-2024-02-29-at-16.34.11.jpeg 1280w\" sizes=\"auto, (max-width: 300px) 100vw, 300px\" \/><\/p>\n<p><span style=\"font-size: 14pt;\">La entrega oficial de estas construcciones la realizaron el alcalde Jos\u00e9 Manuel Pozos Castro; la presidenta del DIF Tuxpan, Pamela Morales Huesca; la s\u00edndica Mtra. Beatriz Pi\u00f1a Vergara; las regidoras y regidores Mar\u00eda del Pilar Mart\u00ednez Matesanz, Anah\u00ed Aguilar L\u00f3pez, Juan G\u00f3mez Garc\u00eda, Lucero Res\u00e9ndis Ambrocio, Luis Demetrio L\u00f3pez Mar\u00edn y Axel Bernal Herrera.<\/span><\/p>\n<p><img loading=\"lazy\" decoding=\"async\" class=\"alignnone size-medium wp-image-26866\" src=\"http:\/\/noticiasveracruz.com\/wp-content\/uploads\/2024\/02\/WhatsApp-Image-2024-02-29-at-16.34.11-1-300x199.jpeg\" alt=\"\" width=\"300\" height=\"199\" srcset=\"https:\/\/noticiasveracruz.com\/wp-content\/uploads\/2024\/02\/WhatsApp-Image-2024-02-29-at-16.34.11-1-300x199.jpeg 300w, https:\/\/noticiasveracruz.com\/wp-content\/uploads\/2024\/02\/WhatsApp-Image-2024-02-29-at-16.34.11-1-1024x681.jpeg 1024w, https:\/\/noticiasveracruz.com\/wp-content\/uploads\/2024\/02\/WhatsApp-Image-2024-02-29-at-16.34.11-1-768x511.jpeg 768w, https:\/\/noticiasveracruz.com\/wp-content\/uploads\/2024\/02\/WhatsApp-Image-2024-02-29-at-16.34.11-1.jpeg 1280w\" sizes=\"auto, (max-width: 300px) 100vw, 300px\" \/><\/p>\n<p><span style=\"font-size: 14pt;\">En su mensaje dirigido a la comunidad estudiantil, el alcalde Jos\u00e9 Manuel Pozos Castro hizo menci\u00f3n de que dotar de un entorno escolar seguro y protegido a los estudiantes, es esencial para fomentar un ambiente propicio para su aprendizaje y su desarrollo personal.<\/span><\/p>\n<p><span style=\"font-size: 14pt;\">En ese sentido, refiri\u00f3: \u201clos techados que estamos construyendo, transforman la vida estudiantil y de toda la comunidad educativa. Estos espacios para actividades extracurriculares no solo facilitan el proceso de ense\u00f1anza-aprendizaje, tambi\u00e9n motivan a las ni\u00f1as y ni\u00f1os a mejorar su rendimiento escolar.<\/span><\/p>\n<p><img loading=\"lazy\" decoding=\"async\" class=\"alignnone size-medium wp-image-26862\" src=\"http:\/\/noticiasveracruz.com\/wp-content\/uploads\/2024\/02\/WhatsApp-Image-2024-02-29-at-16.34.10-3-300x199.jpeg\" alt=\"\" width=\"300\" height=\"199\" srcset=\"https:\/\/noticiasveracruz.com\/wp-content\/uploads\/2024\/02\/WhatsApp-Image-2024-02-29-at-16.34.10-3-300x199.jpeg 300w, https:\/\/noticiasveracruz.com\/wp-content\/uploads\/2024\/02\/WhatsApp-Image-2024-02-29-at-16.34.10-3-1024x681.jpeg 1024w, https:\/\/noticiasveracruz.com\/wp-content\/uploads\/2024\/02\/WhatsApp-Image-2024-02-29-at-16.34.10-3-768x511.jpeg 768w, https:\/\/noticiasveracruz.com\/wp-content\/uploads\/2024\/02\/WhatsApp-Image-2024-02-29-at-16.34.10-3.jpeg 1280w\" sizes=\"auto, (max-width: 300px) 100vw, 300px\" \/><\/p>\n<p><span style=\"font-size: 14pt;\">As\u00ed mismo, resalt\u00f3 la importancia de contar con m\u00e1s y mejores aulas, que permitan potenciar el aprendizaje y el desarrollo integral de las y los j\u00f3venes, para brindarles una formaci\u00f3n de calidad.<\/span><\/p>\n<p><img loading=\"lazy\" decoding=\"async\" class=\"alignnone size-medium wp-image-26861\" src=\"http:\/\/noticiasveracruz.com\/wp-content\/uploads\/2024\/02\/WhatsApp-Image-2024-02-29-at-16.34.10-2-300x199.jpeg\" alt=\"\" width=\"300\" height=\"199\" srcset=\"https:\/\/noticiasveracruz.com\/wp-content\/uploads\/2024\/02\/WhatsApp-Image-2024-02-29-at-16.34.10-2-300x199.jpeg 300w, https:\/\/noticiasveracruz.com\/wp-content\/uploads\/2024\/02\/WhatsApp-Image-2024-02-29-at-16.34.10-2-1024x681.jpeg 1024w, https:\/\/noticiasveracruz.com\/wp-content\/uploads\/2024\/02\/WhatsApp-Image-2024-02-29-at-16.34.10-2-768x511.jpeg 768w, https:\/\/noticiasveracruz.com\/wp-content\/uploads\/2024\/02\/WhatsApp-Image-2024-02-29-at-16.34.10-2.jpeg 1280w\" sizes=\"auto, (max-width: 300px) 100vw, 300px\" \/><\/p>\n<p><span style=\"font-size: 14pt;\">Jos\u00e9 Manuel Pozos reconoci\u00f3 y agradeci\u00f3 nuevamente al cuerpo edilicio por trabajar mano a mano en beneficio de Tuxpan: \u201cExiste voluntad de todos los que integramos el cabildo para continuar trabajando coordinadamente en pro de nuevos proyectos que beneficien a la poblaci\u00f3n estudiantil\u201d<\/span><\/p>\n<p><span style=\"font-size: 14pt;\">\u201cHicimos el compromiso de entregarles obras vanguardistas y de la m\u00e1s alta calidad\u2026 y hoy, estamos aqu\u00ed para decirles, que ese compromiso, est\u00e1 cumplido\u201d, abund\u00f3.<\/span><\/p>\n<p><img loading=\"lazy\" decoding=\"async\" class=\"alignnone size-medium wp-image-26864\" src=\"http:\/\/noticiasveracruz.com\/wp-content\/uploads\/2024\/02\/WhatsApp-Image-2024-02-29-at-16.34.10-5-300x199.jpeg\" alt=\"\" width=\"300\" height=\"199\" srcset=\"https:\/\/noticiasveracruz.com\/wp-content\/uploads\/2024\/02\/WhatsApp-Image-2024-02-29-at-16.34.10-5-300x199.jpeg 300w, https:\/\/noticiasveracruz.com\/wp-content\/uploads\/2024\/02\/WhatsApp-Image-2024-02-29-at-16.34.10-5-1024x681.jpeg 1024w, https:\/\/noticiasveracruz.com\/wp-content\/uploads\/2024\/02\/WhatsApp-Image-2024-02-29-at-16.34.10-5-768x511.jpeg 768w, https:\/\/noticiasveracruz.com\/wp-content\/uploads\/2024\/02\/WhatsApp-Image-2024-02-29-at-16.34.10-5.jpeg 1280w\" sizes=\"auto, (max-width: 300px) 100vw, 300px\" \/><\/p>\n<p><span style=\"font-size: 14pt;\">Para finalizar reconoci\u00f3 al personal docente, a los padres de familia y a los Comit\u00e9s de Contralor\u00eda Social y Bienestar por impulsar y darle seguimiento a estas obras.<\/span><\/p>\n<p><img loading=\"lazy\" decoding=\"async\" class=\"alignnone size-medium wp-image-26859\" src=\"http:\/\/noticiasveracruz.com\/wp-content\/uploads\/2024\/02\/WhatsApp-Image-2024-02-29-at-16.34.09-300x199.jpeg\" alt=\"\" width=\"300\" height=\"199\" srcset=\"https:\/\/noticiasveracruz.com\/wp-content\/uploads\/2024\/02\/WhatsApp-Image-2024-02-29-at-16.34.09-300x199.jpeg 300w, https:\/\/noticiasveracruz.com\/wp-content\/uploads\/2024\/02\/WhatsApp-Image-2024-02-29-at-16.34.09-1024x681.jpeg 1024w, https:\/\/noticiasveracruz.com\/wp-content\/uploads\/2024\/02\/WhatsApp-Image-2024-02-29-at-16.34.09-768x511.jpeg 768w, https:\/\/noticiasveracruz.com\/wp-content\/uploads\/2024\/02\/WhatsApp-Image-2024-02-29-at-16.34.09.jpeg 1280w\" sizes=\"auto, (max-width: 300px) 100vw, 300px\" \/><\/p>\n<p><span style=\"font-size: 14pt;\">Directores de las escuelas expresaron un profundo agradecimiento al gobierno de Tuxpan por la edificaci\u00f3n de estas obras que ser\u00e1n de gran utilidad para sus planteles educativos, mismos que se comprometieron a cuidar para que puedan usarlos generaciones futuras.<\/span><\/p>\n<p><img loading=\"lazy\" decoding=\"async\" class=\"alignnone size-medium wp-image-26858\" src=\"http:\/\/noticiasveracruz.com\/wp-content\/uploads\/2024\/02\/WhatsApp-Image-2024-02-29-at-16.34.09-1-300x199.jpeg\" alt=\"\" width=\"300\" height=\"199\" srcset=\"https:\/\/noticiasveracruz.com\/wp-content\/uploads\/2024\/02\/WhatsApp-Image-2024-02-29-at-16.34.09-1-300x199.jpeg 300w, https:\/\/noticiasveracruz.com\/wp-content\/uploads\/2024\/02\/WhatsApp-Image-2024-02-29-at-16.34.09-1-1024x681.jpeg 1024w, https:\/\/noticiasveracruz.com\/wp-content\/uploads\/2024\/02\/WhatsApp-Image-2024-02-29-at-16.34.09-1-768x511.jpeg 768w, https:\/\/noticiasveracruz.com\/wp-content\/uploads\/2024\/02\/WhatsApp-Image-2024-02-29-at-16.34.09-1.jpeg 1280w\" sizes=\"auto, (max-width: 300px) 100vw, 300px\" \/><\/p>\n<p><span style=\"font-size: 14pt;\">Al evento inaugural tambi\u00e9n asistieron personal docente de las escuelas beneficiadas; supervisores escolares; el Prof. On\u00e9simo P\u00e9rez Ramos, delegado de la SEV en Tuxpan.<\/span><\/p>\n<p><span style=\"font-size: 14pt;\">Asimismo, Jes\u00fas Carballo Serrano, director de Desarrollo Social; Pedro de Jes\u00fas Espinoza P\u00e9rez, director de Obras P\u00fablicas, agentes municipales e integrantes de los Comit\u00e9 de Contralor\u00eda Social y Comit\u00e9 de Bienestar.<\/span><\/p>\n<p><span style=\"font-size: 14pt;\">*Este programa es p\u00fablico, ajeno a cualquier partido pol\u00edtico. Queda prohibido el uso con fines ajenos a los establecidos en este programa.<\/span><\/p>\n","protected":false},"excerpt":{"rendered":"<p>Tuxpan, Ver., 29 febrero 2024.- Ante cientos de estudiantes, maestros y padres de familia, autoridades municipales inauguraron la construcci\u00f3n de<\/p>\n","protected":false},"author":4,"featured_media":26865,"comment_status":"closed","ping_status":"closed","sticky":false,"template":"","format":"standard","meta":{"colormag_page_container_layout":"default_layout","colormag_page_sidebar_layout":"default_layout","_jetpack_memberships_contains_paid_content":false,"footnotes":"","jetpack_publicize_message":"","jetpack_publicize_feature_enabled":true,"jetpack_social_post_already_shared":true,"jetpack_social_options":{"image_generator_settings":{"template":"highway","default_image_id":0,"font":"","enabled":false},"version":2}},"categories":[145,356],"tags":[],"class_list":["post-26857","post","type-post","status-publish","format-standard","has-post-thumbnail","hentry","category-estados","category-veracruz"],"jetpack_publicize_connections":[],"jetpack_featured_media_url":"https:\/\/noticiasveracruz.com\/wp-content\/uploads\/2024\/02\/WhatsApp-Image-2024-02-29-at-16.34.10.jpeg","jetpack_sharing_enabled":true,"publishpress_future_action":{"enabled":false,"date":"2026-05-07 11:40:40","action":"change-status","newStatus":"draft","terms":[],"taxonomy":"category","extraData":[]},"publishpress_future_workflow_manual_trigger":{"enabledWorkflows":[]},"_links":{"self":[{"href":"https:\/\/noticiasveracruz.com\/index.php\/wp-json\/wp\/v2\/posts\/26857","targetHints":{"allow":["GET"]}}],"collection":[{"href":"https:\/\/noticiasveracruz.com\/index.php\/wp-json\/wp\/v2\/posts"}],"about":[{"href":"https:\/\/noticiasveracruz.com\/index.php\/wp-json\/wp\/v2\/types\/post"}],"author":[{"embeddable":true,"href":"https:\/\/noticiasveracruz.com\/index.php\/wp-json\/wp\/v2\/users\/4"}],"replies":[{"embeddable":true,"href":"https:\/\/noticiasveracruz.com\/index.php\/wp-json\/wp\/v2\/comments?post=26857"}],"version-history":[{"count":0,"href":"https:\/\/noticiasveracruz.com\/index.php\/wp-json\/wp\/v2\/posts\/26857\/revisions"}],"wp:featuredmedia":[{"embeddable":true,"href":"https:\/\/noticiasveracruz.com\/index.php\/wp-json\/wp\/v2\/media\/26865"}],"wp:attachment":[{"href":"https:\/\/noticiasveracruz.com\/index.php\/wp-json\/wp\/v2\/media?parent=26857"}],"wp:term":[{"taxonomy":"category","embeddable":true,"href":"https:\/\/noticiasveracruz.com\/index.php\/wp-json\/wp\/v2\/categories?post=26857"},{"taxonomy":"post_tag","embeddable":true,"href":"https:\/\/noticiasveracruz.com\/index.php\/wp-json\/wp\/v2\/tags?post=26857"}],"curies":[{"name":"wp","href":"https:\/\/api.w.org\/{rel}","templated":true}]}}