{"id":26851,"date":"2024-02-29T19:38:30","date_gmt":"2024-03-01T01:38:30","guid":{"rendered":"https:\/\/noticiasveracruz.com\/?p=26851"},"modified":"2024-02-29T19:38:30","modified_gmt":"2024-03-01T01:38:30","slug":"jornada-de-salud-visual-beneficio-a-mas-familias-tuxpenas-este-jueves","status":"publish","type":"post","link":"https:\/\/noticiasveracruz.com\/index.php\/2024\/02\/29\/jornada-de-salud-visual-beneficio-a-mas-familias-tuxpenas-este-jueves\/","title":{"rendered":"Jornada de Salud Visual benefici\u00f3 a m\u00e1s familias tuxpe\u00f1as, este jueves"},"content":{"rendered":"<p><span style=\"font-size: 14pt;\">Tuxpan, Ver a 29 de febrero del 2024.- M\u00e1s familias fueron beneficiadas con la Jornada de Salud Visual que realiz\u00f3 esta ma\u00f1ana la Sindicatura \u00danica del Gobierno de Tuxpan.<\/span><\/p>\n<p><span style=\"font-size: 14pt;\">En la planta baja de la presidencia municipal, especialistas del Grupo \u00d3ptico del Totonacapan aplicaron gratuitamente ex\u00e1menes de la vista y entregaron lentes que se adquirieron a bajo costo.<\/span><\/p>\n<p><img loading=\"lazy\" decoding=\"async\" class=\"alignnone size-medium wp-image-26852\" src=\"http:\/\/noticiasveracruz.com\/wp-content\/uploads\/2024\/02\/WhatsApp-Image-2024-02-29-at-15.40.10-1-300x225.jpeg\" alt=\"\" width=\"300\" height=\"225\" srcset=\"https:\/\/noticiasveracruz.com\/wp-content\/uploads\/2024\/02\/WhatsApp-Image-2024-02-29-at-15.40.10-1-300x225.jpeg 300w, https:\/\/noticiasveracruz.com\/wp-content\/uploads\/2024\/02\/WhatsApp-Image-2024-02-29-at-15.40.10-1-1024x768.jpeg 1024w, https:\/\/noticiasveracruz.com\/wp-content\/uploads\/2024\/02\/WhatsApp-Image-2024-02-29-at-15.40.10-1-768x576.jpeg 768w, https:\/\/noticiasveracruz.com\/wp-content\/uploads\/2024\/02\/WhatsApp-Image-2024-02-29-at-15.40.10-1-1536x1152.jpeg 1536w, https:\/\/noticiasveracruz.com\/wp-content\/uploads\/2024\/02\/WhatsApp-Image-2024-02-29-at-15.40.10-1.jpeg 1600w\" sizes=\"auto, (max-width: 300px) 100vw, 300px\" \/><\/p>\n<p><span style=\"font-size: 14pt;\">La s\u00edndica Beatriz Pi\u00f1a destac\u00f3 que el objetivo principal de este programa es preservar la salud y generar bienestar en la poblaci\u00f3n.<\/span><\/p>\n<p><span style=\"font-size: 14pt;\">Adem\u00e1s, dijo que es un apoyo a la econom\u00eda familiar, ya que a trav\u00e9s de las valoraciones visuales se han detectado enfermedades oculares, derivando en el inicio un tratamiento que permita detener su avance.<\/span><\/p>\n<p><img loading=\"lazy\" decoding=\"async\" class=\"alignnone size-medium wp-image-26853\" src=\"http:\/\/noticiasveracruz.com\/wp-content\/uploads\/2024\/02\/WhatsApp-Image-2024-02-29-at-15.40.10-300x225.jpeg\" alt=\"\" width=\"300\" height=\"225\" srcset=\"https:\/\/noticiasveracruz.com\/wp-content\/uploads\/2024\/02\/WhatsApp-Image-2024-02-29-at-15.40.10-300x225.jpeg 300w, https:\/\/noticiasveracruz.com\/wp-content\/uploads\/2024\/02\/WhatsApp-Image-2024-02-29-at-15.40.10-1024x768.jpeg 1024w, https:\/\/noticiasveracruz.com\/wp-content\/uploads\/2024\/02\/WhatsApp-Image-2024-02-29-at-15.40.10-768x576.jpeg 768w, https:\/\/noticiasveracruz.com\/wp-content\/uploads\/2024\/02\/WhatsApp-Image-2024-02-29-at-15.40.10-1536x1152.jpeg 1536w, https:\/\/noticiasveracruz.com\/wp-content\/uploads\/2024\/02\/WhatsApp-Image-2024-02-29-at-15.40.10.jpeg 1600w\" sizes=\"auto, (max-width: 300px) 100vw, 300px\" \/><\/p>\n<p><span style=\"font-size: 14pt;\">As\u00ed mismo, inform\u00f3 que las jornadas de salud estar\u00e1n suspendidas a partir de esta fecha, reanud\u00e1ndose el pr\u00f3ximo jueves 6 de junio, dando as\u00ed cumplimiento a lo establecido por la normatividad electoral.<\/span><\/p>\n<p><img loading=\"lazy\" decoding=\"async\" class=\"alignnone size-medium wp-image-26854\" src=\"http:\/\/noticiasveracruz.com\/wp-content\/uploads\/2024\/02\/WhatsApp-Image-2024-02-29-at-15.40.11-1-300x225.jpeg\" alt=\"\" width=\"300\" height=\"225\" srcset=\"https:\/\/noticiasveracruz.com\/wp-content\/uploads\/2024\/02\/WhatsApp-Image-2024-02-29-at-15.40.11-1-300x225.jpeg 300w, https:\/\/noticiasveracruz.com\/wp-content\/uploads\/2024\/02\/WhatsApp-Image-2024-02-29-at-15.40.11-1-1024x768.jpeg 1024w, https:\/\/noticiasveracruz.com\/wp-content\/uploads\/2024\/02\/WhatsApp-Image-2024-02-29-at-15.40.11-1-768x576.jpeg 768w, https:\/\/noticiasveracruz.com\/wp-content\/uploads\/2024\/02\/WhatsApp-Image-2024-02-29-at-15.40.11-1-1536x1152.jpeg 1536w, https:\/\/noticiasveracruz.com\/wp-content\/uploads\/2024\/02\/WhatsApp-Image-2024-02-29-at-15.40.11-1.jpeg 1600w\" sizes=\"auto, (max-width: 300px) 100vw, 300px\" \/><\/p>\n<p><span style=\"font-size: 14pt;\">*Este programa es p\u00fablico, ajeno a cualquier partido pol\u00edtico. Queda prohibido el uso con fines ajenos a los establecidos en este programa.<\/span><\/p>\n","protected":false},"excerpt":{"rendered":"<p>Tuxpan, Ver a 29 de febrero del 2024.- M\u00e1s familias fueron beneficiadas con la Jornada de Salud Visual que realiz\u00f3<\/p>\n","protected":false},"author":4,"featured_media":26855,"comment_status":"closed","ping_status":"closed","sticky":false,"template":"","format":"standard","meta":{"colormag_page_container_layout":"default_layout","colormag_page_sidebar_layout":"default_layout","_jetpack_memberships_contains_paid_content":false,"footnotes":"","jetpack_publicize_message":"","jetpack_publicize_feature_enabled":true,"jetpack_social_post_already_shared":true,"jetpack_social_options":{"image_generator_settings":{"template":"highway","default_image_id":0,"font":"","enabled":false},"version":2}},"categories":[145,356],"tags":[],"class_list":["post-26851","post","type-post","status-publish","format-standard","has-post-thumbnail","hentry","category-estados","category-veracruz"],"jetpack_publicize_connections":[],"jetpack_featured_media_url":"https:\/\/noticiasveracruz.com\/wp-content\/uploads\/2024\/02\/WhatsApp-Image-2024-02-29-at-15.40.11.jpeg","jetpack_sharing_enabled":true,"publishpress_future_action":{"enabled":false,"date":"2026-05-07 11:02:34","action":"change-status","newStatus":"draft","terms":[],"taxonomy":"category","extraData":[]},"publishpress_future_workflow_manual_trigger":{"enabledWorkflows":[]},"_links":{"self":[{"href":"https:\/\/noticiasveracruz.com\/index.php\/wp-json\/wp\/v2\/posts\/26851","targetHints":{"allow":["GET"]}}],"collection":[{"href":"https:\/\/noticiasveracruz.com\/index.php\/wp-json\/wp\/v2\/posts"}],"about":[{"href":"https:\/\/noticiasveracruz.com\/index.php\/wp-json\/wp\/v2\/types\/post"}],"author":[{"embeddable":true,"href":"https:\/\/noticiasveracruz.com\/index.php\/wp-json\/wp\/v2\/users\/4"}],"replies":[{"embeddable":true,"href":"https:\/\/noticiasveracruz.com\/index.php\/wp-json\/wp\/v2\/comments?post=26851"}],"version-history":[{"count":0,"href":"https:\/\/noticiasveracruz.com\/index.php\/wp-json\/wp\/v2\/posts\/26851\/revisions"}],"wp:featuredmedia":[{"embeddable":true,"href":"https:\/\/noticiasveracruz.com\/index.php\/wp-json\/wp\/v2\/media\/26855"}],"wp:attachment":[{"href":"https:\/\/noticiasveracruz.com\/index.php\/wp-json\/wp\/v2\/media?parent=26851"}],"wp:term":[{"taxonomy":"category","embeddable":true,"href":"https:\/\/noticiasveracruz.com\/index.php\/wp-json\/wp\/v2\/categories?post=26851"},{"taxonomy":"post_tag","embeddable":true,"href":"https:\/\/noticiasveracruz.com\/index.php\/wp-json\/wp\/v2\/tags?post=26851"}],"curies":[{"name":"wp","href":"https:\/\/api.w.org\/{rel}","templated":true}]}}