{"id":26828,"date":"2024-02-29T09:40:14","date_gmt":"2024-02-29T15:40:14","guid":{"rendered":"https:\/\/noticiasveracruz.com\/?p=26828"},"modified":"2024-02-29T09:40:14","modified_gmt":"2024-02-29T15:40:14","slug":"bdem-ajusta-a-la-baja-crecimiento-para-este-ano-pasa-de-3-a-2-8","status":"publish","type":"post","link":"https:\/\/noticiasveracruz.com\/index.php\/2024\/02\/29\/bdem-ajusta-a-la-baja-crecimiento-para-este-ano-pasa-de-3-a-2-8\/","title":{"rendered":"BdeM ajusta a la baja crecimiento para este a\u00f1o; pasa de 3 a 2.8%"},"content":{"rendered":"<p><span style=\"font-size: 14pt;\">Dado el menor crecimiento en el \u00faltimo trimestre de 2023, el Banco de M\u00e9xico (BdeM) revis\u00f3 \u2018ligeramente\u2019 a la baja su perspectiva de crecimiento econ\u00f3mico de 2024, y prev\u00e9 diversos riesgos.<\/span><\/p>\n<p><span style=\"font-size: 14pt;\">La autoridad monetaria mexicana prev\u00e9 un crecimiento de la econom\u00eda nacional de 2.8 por ciento para el presente a\u00f1o, lo que represent\u00f3 una revisi\u00f3n a 3.0 por ciento del informe previo.<\/span><\/p>\n<p><span style=\"font-size: 14pt;\">En el marco de la presentaci\u00f3n del \u201cInforme trimestral de inflaci\u00f3n, octubre-diciembre 2023\u201d, el BdeM explic\u00f3 que a pesar de que la din\u00e1mica esperada para la actividad econ\u00f3mica en 2024 no se modifica de manera significativa, el menor crecimiento en el \u00faltimo trimestre de 2023 respecto de lo anticipado induce un efecto aritm\u00e9tico de menor base de crecimiento para este a\u00f1o.<\/span><\/p>\n<p><span style=\"font-size: 14pt;\">Precis\u00f3 que el intervalo para el crecimiento esperado del PIB para el a\u00f1o se ajusta a uno de entre 2.2 a 3.4 por ciento.<\/span><\/p>\n<p><span style=\"font-size: 14pt;\">\u201cSe espera que el mayor gasto p\u00fablico en relaci\u00f3n con el a\u00f1o previo resulte en un mayor gasto interno en general, considerando tanto los efectos directos como los de derrama hacia el consumo e inversi\u00f3n privados. Para el segundo semestre del a\u00f1o, se prev\u00e9 una desaceleraci\u00f3n de la actividad productiva, en congruencia con la evoluci\u00f3n que se ha observado en episodios de a\u00f1os electorales previos. En cuanto a la demanda externa, se espera que presente debilidad en el a\u00f1o\u201d, detall\u00f3 la autoridad monetaria.<\/span><\/p>\n<p><span style=\"font-size: 14pt;\">De acuerdo con Victoria Rodr\u00edguez Ceja, gobernadora del Banco de M\u00e9xico, el <em>nearshoring<\/em> podr\u00eda traer un impulso adicional a la econom\u00eda de M\u00e9xico; sin embargo, alert\u00f3 que el impacto de la relocalizaci\u00f3n es incierto.<\/span><\/p>\n<p><span style=\"font-size: 14pt;\">Para 2025 se espera que el esfuerzo de consolidaci\u00f3n fiscal previsto se refleje en un menor gasto interno. En cambio, se anticipa que la demanda externa cobre mayor peso ante el mejor desempe\u00f1o esperado para la econom\u00eda de Estados Unidos en ese a\u00f1o relativo al anterior. La estimaci\u00f3n central de expansi\u00f3n del PIB para 2025 es de 1.5 por ciento, misma tasa que en el Informe anterior.<\/span><\/p>\n<p><span style=\"font-size: 14pt;\">El intervalo para el crecimiento esperado del PIB de ese a\u00f1o se ubica entre 0.7 y 2.3 por ciento. A lo largo del horizonte de pron\u00f3stico, se espera que el proceso de relocalizaci\u00f3n de algunas empresas a M\u00e9xico que est\u00e1 en marcha d\u00e9 cierto impulso a la actividad econ\u00f3mica, reconociendo la elevada incertidumbre que existe respecto de su magnitud y efectos.<\/span><\/p>\n","protected":false},"excerpt":{"rendered":"<p>Dado el menor crecimiento en el \u00faltimo trimestre de 2023, el Banco de M\u00e9xico (BdeM) revis\u00f3 \u2018ligeramente\u2019 a la baja<\/p>\n","protected":false},"author":4,"featured_media":26829,"comment_status":"closed","ping_status":"closed","sticky":false,"template":"","format":"standard","meta":{"colormag_page_container_layout":"default_layout","colormag_page_sidebar_layout":"default_layout","_jetpack_memberships_contains_paid_content":false,"footnotes":"","jetpack_publicize_message":"","jetpack_publicize_feature_enabled":true,"jetpack_social_post_already_shared":true,"jetpack_social_options":{"image_generator_settings":{"template":"highway","default_image_id":0,"font":"","enabled":false},"version":2}},"categories":[1947],"tags":[1013,389],"class_list":["post-26828","post","type-post","status-publish","format-standard","has-post-thumbnail","hentry","category-economia","tag-banco-de-mexico","tag-crecimiento"],"jetpack_publicize_connections":[],"jetpack_featured_media_url":"https:\/\/noticiasveracruz.com\/wp-content\/uploads\/2024\/02\/victoria-rodriguez-ceja-gobernadora-banco.jpg","jetpack_sharing_enabled":true,"publishpress_future_action":{"enabled":false,"date":"2026-05-07 05:48:21","action":"change-status","newStatus":"draft","terms":[],"taxonomy":"category","extraData":[]},"publishpress_future_workflow_manual_trigger":{"enabledWorkflows":[]},"_links":{"self":[{"href":"https:\/\/noticiasveracruz.com\/index.php\/wp-json\/wp\/v2\/posts\/26828","targetHints":{"allow":["GET"]}}],"collection":[{"href":"https:\/\/noticiasveracruz.com\/index.php\/wp-json\/wp\/v2\/posts"}],"about":[{"href":"https:\/\/noticiasveracruz.com\/index.php\/wp-json\/wp\/v2\/types\/post"}],"author":[{"embeddable":true,"href":"https:\/\/noticiasveracruz.com\/index.php\/wp-json\/wp\/v2\/users\/4"}],"replies":[{"embeddable":true,"href":"https:\/\/noticiasveracruz.com\/index.php\/wp-json\/wp\/v2\/comments?post=26828"}],"version-history":[{"count":0,"href":"https:\/\/noticiasveracruz.com\/index.php\/wp-json\/wp\/v2\/posts\/26828\/revisions"}],"wp:featuredmedia":[{"embeddable":true,"href":"https:\/\/noticiasveracruz.com\/index.php\/wp-json\/wp\/v2\/media\/26829"}],"wp:attachment":[{"href":"https:\/\/noticiasveracruz.com\/index.php\/wp-json\/wp\/v2\/media?parent=26828"}],"wp:term":[{"taxonomy":"category","embeddable":true,"href":"https:\/\/noticiasveracruz.com\/index.php\/wp-json\/wp\/v2\/categories?post=26828"},{"taxonomy":"post_tag","embeddable":true,"href":"https:\/\/noticiasveracruz.com\/index.php\/wp-json\/wp\/v2\/tags?post=26828"}],"curies":[{"name":"wp","href":"https:\/\/api.w.org\/{rel}","templated":true}]}}