{"id":26825,"date":"2024-02-29T09:36:34","date_gmt":"2024-02-29T15:36:34","guid":{"rendered":"https:\/\/noticiasveracruz.com\/?p=26825"},"modified":"2024-02-29T09:36:34","modified_gmt":"2024-02-29T15:36:34","slug":"avanza-en-el-senado-el-aumento-de-15-a-30-dias-en-el-aguinaldo","status":"publish","type":"post","link":"https:\/\/noticiasveracruz.com\/index.php\/2024\/02\/29\/avanza-en-el-senado-el-aumento-de-15-a-30-dias-en-el-aguinaldo\/","title":{"rendered":"Avanza en el Senado el aumento de 15 a 30 d\u00edas en el aguinaldo"},"content":{"rendered":"<p><span style=\"font-size: 14pt;\">Por unanimidad, la Comisi\u00f3n de Trabajo y Previsi\u00f3n del Senado aprob\u00f3 la reforma a la legislaci\u00f3n laboral que incrementa de 15 a 30 d\u00edas el pago del aguinaldo que anualmente reciben los trabajadores en M\u00e9xico, derecho que no se ha mejorado desde hace 54 a\u00f1os y est\u00e1 por debajo de lo que se retribuye en otras naciones de Latinoam\u00e9rica.<\/span><\/p>\n<p><span style=\"font-size: 14pt;\">El presidente de esa comisi\u00f3n, Napole\u00f3n G\u00f3mez Urrutia (Morena), expres\u00f3 que es un primer paso hacia la equidad laboral, ya que el dictamen, aprobado con 11 votos de legisladores de todas las fuerzas pol\u00edticas, incluido el pri\u00edsta Carlos Aceves del Olmo, dirigente nacional de la CTM, debe pasar a\u00fan por la Comisi\u00f3n de Estudios Legislativos Segunda y despu\u00e9s al pleno senatorial.<\/span><\/p>\n<p><span style=\"font-size: 14pt;\">Duplicar los d\u00edas de aguinaldo, que desde 1970 se mantiene en 15 por a\u00f1o, no s\u00f3lo es un acto de justicia, sino un componente fundamental para la estabilidad financiera del pa\u00eds, destac\u00f3 G\u00f3mez Urrutia al presentar el dictamen, que incluye una iniciativa de su autor\u00eda y otra de su hom\u00f3loga Graciela Gait\u00e1n (PVEM).<\/span><\/p>\n<p><span style=\"font-size: 14pt;\"><q>El aguinaldo, como un derecho laboral consagrado en la ley, no s\u00f3lo representa un ingreso adicional crucial para cubrir gastos extraordinarios durante la temporada navide\u00f1a, sino que tambi\u00e9n desempe\u00f1a un papel significativo para mitigar la desigualdad econ\u00f3mica y en la promoci\u00f3n de la justicia social.<\/q><\/span><\/p>\n<p><span style=\"font-size: 14pt;\">Por ello, subray\u00f3 el tambi\u00e9n l\u00edder nacional del Sindicato Minero, <q>es esencial garantizar que la cantidad de dinero otorgada como aguinaldo sea justa y suficiente para cubrir las necesidades b\u00e1sicas de los trabajadores y sus familias<\/q>.<\/span><\/p>\n<p><span style=\"font-size: 14pt;\">La reforma al art\u00edculo 87 de la Ley Federal del Trabajo, expuso, reconoce la gran productividad de los mexicanos, que est\u00e1n entre los que m\u00e1s horas laboran. Precis\u00f3 que de acuerdo con datos de la OCDE (Organizaci\u00f3n para la Cooperaci\u00f3n y el Desarrollo Econ\u00f3micos), en nuestro pa\u00eds se trabaja 23 por ciento m\u00e1s horas que en otras naciones.<\/span><\/p>\n<p><span style=\"font-size: 14pt;\">En contraparte, el aguinaldo que se recibe es inferior al que se otorga en Uruguay, Puerto Rico, Italia, Portugal, China y Hong Kong, donde es equivalente a 30 d\u00edas de salario, entre otros ejemplos.<\/span><\/p>\n<p><span style=\"font-size: 14pt;\">Durante la reuni\u00f3n, las morenistas Bertha Caraveo, Luc\u00eda Trasvi\u00f1a y Blanca Estela Pi\u00f1a subrayaron la importancia de la reforma. Aceves del Olmo se conect\u00f3 v\u00eda digital al encuentro, y aunque no intervino en el debate, vot\u00f3 en favor.<\/span><\/p>\n<p><span style=\"font-size: 14pt;\">La panista Kenia L\u00f3pez Rabad\u00e1n consider\u00f3 que aumentar el aguinaldo es una decisi\u00f3n humana e incluyente, pero advirti\u00f3 que el esfuerzo para elevar 30 d\u00edas esa remuneraci\u00f3n lo tendr\u00e1n que hacer los empleadores, no el gobierno.<\/span><\/p>\n<p><span style=\"font-size: 14pt;\">El dictamen debe tambi\u00e9n ser aprobado por la Comisi\u00f3n de Estudios Legislativos Segunda, que preside Rafael Espino (Morena).<\/span><\/p>\n","protected":false},"excerpt":{"rendered":"<p>Por unanimidad, la Comisi\u00f3n de Trabajo y Previsi\u00f3n del Senado aprob\u00f3 la reforma a la legislaci\u00f3n laboral que incrementa de<\/p>\n","protected":false},"author":4,"featured_media":26826,"comment_status":"closed","ping_status":"closed","sticky":false,"template":"","format":"standard","meta":{"colormag_page_container_layout":"default_layout","colormag_page_sidebar_layout":"default_layout","_jetpack_memberships_contains_paid_content":false,"footnotes":"","jetpack_publicize_message":"","jetpack_publicize_feature_enabled":true,"jetpack_social_post_already_shared":true,"jetpack_social_options":{"image_generator_settings":{"template":"highway","default_image_id":0,"font":"","enabled":false},"version":2}},"categories":[4],"tags":[2970,323],"class_list":["post-26825","post","type-post","status-publish","format-standard","has-post-thumbnail","hentry","category-nacional","tag-aguinaldo","tag-senado"],"jetpack_publicize_connections":[],"jetpack_featured_media_url":"https:\/\/noticiasveracruz.com\/wp-content\/uploads\/2024\/02\/0508efcec43f840091e60d1e4606754d.jpg","jetpack_sharing_enabled":true,"publishpress_future_action":{"enabled":false,"date":"2026-05-07 06:27:51","action":"change-status","newStatus":"draft","terms":[],"taxonomy":"category","extraData":[]},"publishpress_future_workflow_manual_trigger":{"enabledWorkflows":[]},"_links":{"self":[{"href":"https:\/\/noticiasveracruz.com\/index.php\/wp-json\/wp\/v2\/posts\/26825","targetHints":{"allow":["GET"]}}],"collection":[{"href":"https:\/\/noticiasveracruz.com\/index.php\/wp-json\/wp\/v2\/posts"}],"about":[{"href":"https:\/\/noticiasveracruz.com\/index.php\/wp-json\/wp\/v2\/types\/post"}],"author":[{"embeddable":true,"href":"https:\/\/noticiasveracruz.com\/index.php\/wp-json\/wp\/v2\/users\/4"}],"replies":[{"embeddable":true,"href":"https:\/\/noticiasveracruz.com\/index.php\/wp-json\/wp\/v2\/comments?post=26825"}],"version-history":[{"count":0,"href":"https:\/\/noticiasveracruz.com\/index.php\/wp-json\/wp\/v2\/posts\/26825\/revisions"}],"wp:featuredmedia":[{"embeddable":true,"href":"https:\/\/noticiasveracruz.com\/index.php\/wp-json\/wp\/v2\/media\/26826"}],"wp:attachment":[{"href":"https:\/\/noticiasveracruz.com\/index.php\/wp-json\/wp\/v2\/media?parent=26825"}],"wp:term":[{"taxonomy":"category","embeddable":true,"href":"https:\/\/noticiasveracruz.com\/index.php\/wp-json\/wp\/v2\/categories?post=26825"},{"taxonomy":"post_tag","embeddable":true,"href":"https:\/\/noticiasveracruz.com\/index.php\/wp-json\/wp\/v2\/tags?post=26825"}],"curies":[{"name":"wp","href":"https:\/\/api.w.org\/{rel}","templated":true}]}}