{"id":24985,"date":"2024-02-02T08:51:29","date_gmt":"2024-02-02T14:51:29","guid":{"rendered":"https:\/\/noticiasveracruz.com\/?p=24985"},"modified":"2024-02-02T08:51:29","modified_gmt":"2024-02-02T14:51:29","slug":"anuncia-china-medidas-fiscales-para-impulsar-la-recuperacion","status":"publish","type":"post","link":"https:\/\/noticiasveracruz.com\/index.php\/2024\/02\/02\/anuncia-china-medidas-fiscales-para-impulsar-la-recuperacion\/","title":{"rendered":"Anuncia China medidas fiscales para impulsar la recuperaci\u00f3n"},"content":{"rendered":"<p><span style=\"font-size: 14pt;\">China mantendr\u00e1 la expansi\u00f3n fiscal este a\u00f1o para estimular la recuperaci\u00f3n econ\u00f3mica, anunci\u00f3 el jueves el viceministro de Finanzas, Wang Dongwei, reforzando la opini\u00f3n del mercado de que el gasto p\u00fablico ser\u00e1 la principal herramienta del gobierno para impulsar el crecimiento.<\/span><\/p>\n<p><span style=\"font-size: 14pt;\">El gobierno \u201caumentar\u00e1 la intensidad de los ajustes macroecon\u00f3micos fiscales, aplicar\u00e1 una pol\u00edtica fiscal proactiva para consolidar y potenciar la tendencia positiva de la recuperaci\u00f3n econ\u00f3mica\u201d, dijo Wang en una rueda de prensa.<\/span><\/p>\n<p><span style=\"font-size: 14pt;\">La econom\u00eda china se ha estancado en una recuperaci\u00f3n desigual y vacilante tras la crisis financiera, con persistentes presiones deflacionistas, una prolongada recesi\u00f3n inmobiliaria y desaf\u00edos geopol\u00edticos que mantienen vivos los llamamientos a un mayor apoyo de la pol\u00edtica econ\u00f3mica.<\/span><\/p>\n<p><span style=\"font-size: 14pt;\">Una encuesta oficial publicada esta semana apuntaba a una econom\u00eda que sigue rindiendo por debajo de lo esperado a principios de 2024 y que necesita m\u00e1s apoyo de la pol\u00edtica econ\u00f3mica, ya que mostraba que la actividad manufacturera volvi\u00f3 a contraerse el mes pasado debido a la persistente debilidad de la demanda.<\/span><\/p>\n","protected":false},"excerpt":{"rendered":"<p>China mantendr\u00e1 la expansi\u00f3n fiscal este a\u00f1o para estimular la recuperaci\u00f3n econ\u00f3mica, anunci\u00f3 el jueves el viceministro de Finanzas, Wang<\/p>\n","protected":false},"author":4,"featured_media":24986,"comment_status":"closed","ping_status":"closed","sticky":false,"template":"","format":"standard","meta":{"colormag_page_container_layout":"default_layout","colormag_page_sidebar_layout":"default_layout","_jetpack_memberships_contains_paid_content":false,"footnotes":"","jetpack_publicize_message":"","jetpack_publicize_feature_enabled":true,"jetpack_social_post_already_shared":true,"jetpack_social_options":{"image_generator_settings":{"template":"highway","default_image_id":0,"font":"","enabled":false},"version":2}},"categories":[1947],"tags":[],"class_list":["post-24985","post","type-post","status-publish","format-standard","has-post-thumbnail","hentry","category-economia"],"jetpack_publicize_connections":[],"jetpack_featured_media_url":"https:\/\/noticiasveracruz.com\/wp-content\/uploads\/2024\/02\/OIP-1.jpg","jetpack_sharing_enabled":true,"publishpress_future_action":{"enabled":false,"date":"2026-05-08 22:56:23","action":"change-status","newStatus":"draft","terms":[],"taxonomy":"category","extraData":[]},"publishpress_future_workflow_manual_trigger":{"enabledWorkflows":[]},"_links":{"self":[{"href":"https:\/\/noticiasveracruz.com\/index.php\/wp-json\/wp\/v2\/posts\/24985","targetHints":{"allow":["GET"]}}],"collection":[{"href":"https:\/\/noticiasveracruz.com\/index.php\/wp-json\/wp\/v2\/posts"}],"about":[{"href":"https:\/\/noticiasveracruz.com\/index.php\/wp-json\/wp\/v2\/types\/post"}],"author":[{"embeddable":true,"href":"https:\/\/noticiasveracruz.com\/index.php\/wp-json\/wp\/v2\/users\/4"}],"replies":[{"embeddable":true,"href":"https:\/\/noticiasveracruz.com\/index.php\/wp-json\/wp\/v2\/comments?post=24985"}],"version-history":[{"count":0,"href":"https:\/\/noticiasveracruz.com\/index.php\/wp-json\/wp\/v2\/posts\/24985\/revisions"}],"wp:featuredmedia":[{"embeddable":true,"href":"https:\/\/noticiasveracruz.com\/index.php\/wp-json\/wp\/v2\/media\/24986"}],"wp:attachment":[{"href":"https:\/\/noticiasveracruz.com\/index.php\/wp-json\/wp\/v2\/media?parent=24985"}],"wp:term":[{"taxonomy":"category","embeddable":true,"href":"https:\/\/noticiasveracruz.com\/index.php\/wp-json\/wp\/v2\/categories?post=24985"},{"taxonomy":"post_tag","embeddable":true,"href":"https:\/\/noticiasveracruz.com\/index.php\/wp-json\/wp\/v2\/tags?post=24985"}],"curies":[{"name":"wp","href":"https:\/\/api.w.org\/{rel}","templated":true}]}}