{"id":24968,"date":"2024-02-02T08:27:30","date_gmt":"2024-02-02T14:27:30","guid":{"rendered":"https:\/\/noticiasveracruz.com\/?p=24968"},"modified":"2024-02-02T08:27:30","modified_gmt":"2024-02-02T14:27:30","slug":"lopez-obrador-exige-a-eu-disculpa-por-calumniarlo","status":"publish","type":"post","link":"https:\/\/noticiasveracruz.com\/index.php\/2024\/02\/02\/lopez-obrador-exige-a-eu-disculpa-por-calumniarlo\/","title":{"rendered":"L\u00f3pez Obrador exige a EU disculpa por calumniarlo"},"content":{"rendered":"<p><span style=\"font-size: 14pt;\">El presidente Andr\u00e9s Manuel L\u00f3pez Obrador demand\u00f3 ayer una disculpa de parte del gobierno de Joe Biden, tras la difusi\u00f3n de versiones de prensa sobre una presunta entrega de recursos del narcotr\u00e1fico a la campa\u00f1a electoral de 2006 del ahora mandatario mexicano.<\/span><\/p>\n<p><span style=\"font-size: 14pt;\"><q>\u00a1C\u00f3mo vamos a estar sentados en la mesa hablando del combate a la droga, si ellos o una instituci\u00f3n de ellos est\u00e1 filtrando informaci\u00f3n y da\u00f1\u00e1ndome&#8230;no a m\u00ed, a lo que represento!<\/q>, exclam\u00f3 el mandatario en la conferencia del jueves.<\/span><\/p>\n<p><span style=\"font-size: 14pt;\">Sin mediar pregunta, L\u00f3pez Obrador retom\u00f3 el caso y reproch\u00f3 las filtraciones informativas de que\u00a0<q>yo estoy metido en el narcotr\u00e1fico<\/q>, sin presentar pruebas.<\/span><\/p>\n<p><span style=\"font-size: 14pt;\">El Presidente acus\u00f3 al periodista Tim Golden, autor de una de las versiones difundidas esta semana, de ser un mercenario al servicio de la DEA (la Agencia Antidrogas estadounidense, por sus siglas en ingl\u00e9s).\u00a0<q>Deber\u00edan darle un premio a la calumnia. \u00bfC\u00f3mo va a calumniar impunemente? \u00bfC\u00f3mo va a hacer un reportaje sin presentar pruebas?<\/q>, plante\u00f3.<\/span><\/p>\n","protected":false},"excerpt":{"rendered":"<p>El presidente Andr\u00e9s Manuel L\u00f3pez Obrador demand\u00f3 ayer una disculpa de parte del gobierno de Joe Biden, tras la difusi\u00f3n<\/p>\n","protected":false},"author":4,"featured_media":24969,"comment_status":"closed","ping_status":"closed","sticky":false,"template":"","format":"standard","meta":{"colormag_page_container_layout":"default_layout","colormag_page_sidebar_layout":"default_layout","_jetpack_memberships_contains_paid_content":false,"footnotes":"","jetpack_publicize_message":"","jetpack_publicize_feature_enabled":true,"jetpack_social_post_already_shared":true,"jetpack_social_options":{"image_generator_settings":{"template":"highway","default_image_id":0,"font":"","enabled":false},"version":2}},"categories":[4],"tags":[],"class_list":["post-24968","post","type-post","status-publish","format-standard","has-post-thumbnail","hentry","category-nacional"],"jetpack_publicize_connections":[],"jetpack_featured_media_url":"https:\/\/noticiasveracruz.com\/wp-content\/uploads\/2024\/02\/LO.webp","jetpack_sharing_enabled":true,"publishpress_future_action":{"enabled":false,"date":"2026-05-08 08:58:01","action":"change-status","newStatus":"draft","terms":[],"taxonomy":"category","extraData":[]},"publishpress_future_workflow_manual_trigger":{"enabledWorkflows":[]},"_links":{"self":[{"href":"https:\/\/noticiasveracruz.com\/index.php\/wp-json\/wp\/v2\/posts\/24968","targetHints":{"allow":["GET"]}}],"collection":[{"href":"https:\/\/noticiasveracruz.com\/index.php\/wp-json\/wp\/v2\/posts"}],"about":[{"href":"https:\/\/noticiasveracruz.com\/index.php\/wp-json\/wp\/v2\/types\/post"}],"author":[{"embeddable":true,"href":"https:\/\/noticiasveracruz.com\/index.php\/wp-json\/wp\/v2\/users\/4"}],"replies":[{"embeddable":true,"href":"https:\/\/noticiasveracruz.com\/index.php\/wp-json\/wp\/v2\/comments?post=24968"}],"version-history":[{"count":0,"href":"https:\/\/noticiasveracruz.com\/index.php\/wp-json\/wp\/v2\/posts\/24968\/revisions"}],"wp:featuredmedia":[{"embeddable":true,"href":"https:\/\/noticiasveracruz.com\/index.php\/wp-json\/wp\/v2\/media\/24969"}],"wp:attachment":[{"href":"https:\/\/noticiasveracruz.com\/index.php\/wp-json\/wp\/v2\/media?parent=24968"}],"wp:term":[{"taxonomy":"category","embeddable":true,"href":"https:\/\/noticiasveracruz.com\/index.php\/wp-json\/wp\/v2\/categories?post=24968"},{"taxonomy":"post_tag","embeddable":true,"href":"https:\/\/noticiasveracruz.com\/index.php\/wp-json\/wp\/v2\/tags?post=24968"}],"curies":[{"name":"wp","href":"https:\/\/api.w.org\/{rel}","templated":true}]}}