{"id":24962,"date":"2024-02-02T08:11:16","date_gmt":"2024-02-02T14:11:16","guid":{"rendered":"https:\/\/noticiasveracruz.com\/?p=24962"},"modified":"2024-02-02T08:11:16","modified_gmt":"2024-02-02T14:11:16","slug":"protestan-en-sefiplan","status":"publish","type":"post","link":"https:\/\/noticiasveracruz.com\/index.php\/2024\/02\/02\/protestan-en-sefiplan\/","title":{"rendered":"Protestan en Sefiplan"},"content":{"rendered":"<p><span style=\"font-size: 14pt;\">Xalapa.- Trabajadores de la Secretar\u00eda de Finanzas y Planeaci\u00f3n (Sefiplan) protestaron y tomaron la Direcci\u00f3n de Recursos Humanos en la ciudad de Xalapa, debido a que les quitaron d\u00edas de vacaciones.<\/span><\/p>\n<p><span style=\"font-size: 14pt;\">Los empleados decidieron manifestarse este jueves 1 de febrero, luego de que fueran notificados sobre la suspensi\u00f3n y cancelaci\u00f3n de sus vacaciones, lo que resulta una violaci\u00f3n a sus derechos laborales.<\/span><\/p>\n<p><span style=\"font-size: 14pt;\">Las oficinas se localizan sobre las avenidas Adolfo Ruiz Cortines y Xalapa, en la unidad habitacional del Bosque, donde los trabajadores detuvieron sus actividades para exigir una respuesta a las autoridades.<\/span><\/p>\n<p><span style=\"font-size: 14pt;\">Indicaron que mediante una circular de Recursos Humanos les informaron que nadie tiene derecho a solicitar d\u00edas a cuenta de vacaciones y menos si se piden para un lunes o viernes.<\/span><\/p>\n<p><span style=\"font-size: 14pt;\">La situaci\u00f3n gener\u00f3 una gran inconformidad, pues algunos trabajadores estaban por iniciar sus periodos vacacionales y ya no podr\u00e1n hacerlo debido a la nueva disposici\u00f3n oficial.<\/span><\/p>\n<p><span style=\"font-size: 14pt;\">Los quejosos comentaron que de acuerdo con la ley tienen derecho a vacaciones durante dos periodos al a\u00f1o, seg\u00fan lo establecido en los contratos colectivos de trabajo.<\/span><\/p>\n<p><span style=\"font-size: 14pt;\">Acusaron que Sefiplan tom\u00f3 dicha determinaci\u00f3n violentando los acuerdos con las organizaciones sindicales, lo que gener\u00f3 una mayor inconformidad en la clase trabajadora.<\/span><\/p>\n<p><span style=\"font-size: 14pt;\">\u201cDe la noche a la ma\u00f1ana quitaron el poder gozar de los d\u00edas de vacaciones que por acuerdo con los sindicatos ya se hab\u00edan otorgado\u201d, indicaron los manifestantes.<\/span><\/p>\n<p><span style=\"font-size: 14pt;\">Los empleados dialogaron con encargados de la Direcci\u00f3n de Recursos Humanos de Sefiplan para garantizar que sean respetados sus derechos laborales. De lo contrario, continuar\u00e1n las manifestaciones.<\/span><\/p>\n","protected":false},"excerpt":{"rendered":"<p>Xalapa.- Trabajadores de la Secretar\u00eda de Finanzas y Planeaci\u00f3n (Sefiplan) protestaron y tomaron la Direcci\u00f3n de Recursos Humanos en la<\/p>\n","protected":false},"author":4,"featured_media":24963,"comment_status":"closed","ping_status":"closed","sticky":false,"template":"","format":"standard","meta":{"colormag_page_container_layout":"default_layout","colormag_page_sidebar_layout":"default_layout","_jetpack_memberships_contains_paid_content":false,"footnotes":"","jetpack_publicize_message":"","jetpack_publicize_feature_enabled":true,"jetpack_social_post_already_shared":true,"jetpack_social_options":{"image_generator_settings":{"template":"highway","default_image_id":0,"font":"","enabled":false},"version":2}},"categories":[145,356],"tags":[],"class_list":["post-24962","post","type-post","status-publish","format-standard","has-post-thumbnail","hentry","category-estados","category-veracruz"],"jetpack_publicize_connections":[],"jetpack_featured_media_url":"https:\/\/noticiasveracruz.com\/wp-content\/uploads\/2024\/02\/9a1.jpg","jetpack_sharing_enabled":true,"publishpress_future_action":{"enabled":false,"date":"2026-05-06 12:44:51","action":"change-status","newStatus":"draft","terms":[],"taxonomy":"category","extraData":[]},"publishpress_future_workflow_manual_trigger":{"enabledWorkflows":[]},"_links":{"self":[{"href":"https:\/\/noticiasveracruz.com\/index.php\/wp-json\/wp\/v2\/posts\/24962","targetHints":{"allow":["GET"]}}],"collection":[{"href":"https:\/\/noticiasveracruz.com\/index.php\/wp-json\/wp\/v2\/posts"}],"about":[{"href":"https:\/\/noticiasveracruz.com\/index.php\/wp-json\/wp\/v2\/types\/post"}],"author":[{"embeddable":true,"href":"https:\/\/noticiasveracruz.com\/index.php\/wp-json\/wp\/v2\/users\/4"}],"replies":[{"embeddable":true,"href":"https:\/\/noticiasveracruz.com\/index.php\/wp-json\/wp\/v2\/comments?post=24962"}],"version-history":[{"count":0,"href":"https:\/\/noticiasveracruz.com\/index.php\/wp-json\/wp\/v2\/posts\/24962\/revisions"}],"wp:featuredmedia":[{"embeddable":true,"href":"https:\/\/noticiasveracruz.com\/index.php\/wp-json\/wp\/v2\/media\/24963"}],"wp:attachment":[{"href":"https:\/\/noticiasveracruz.com\/index.php\/wp-json\/wp\/v2\/media?parent=24962"}],"wp:term":[{"taxonomy":"category","embeddable":true,"href":"https:\/\/noticiasveracruz.com\/index.php\/wp-json\/wp\/v2\/categories?post=24962"},{"taxonomy":"post_tag","embeddable":true,"href":"https:\/\/noticiasveracruz.com\/index.php\/wp-json\/wp\/v2\/tags?post=24962"}],"curies":[{"name":"wp","href":"https:\/\/api.w.org\/{rel}","templated":true}]}}