{"id":24935,"date":"2024-02-02T00:11:26","date_gmt":"2024-02-02T06:11:26","guid":{"rendered":"https:\/\/noticiasveracruz.com\/?p=24935"},"modified":"2024-02-02T00:11:26","modified_gmt":"2024-02-02T06:11:26","slug":"entregan-lentes-a-personas-beneficiadas-con-la-jornada-de-salud-visual-del-gobierno-de-tuxpan","status":"publish","type":"post","link":"https:\/\/noticiasveracruz.com\/index.php\/2024\/02\/02\/entregan-lentes-a-personas-beneficiadas-con-la-jornada-de-salud-visual-del-gobierno-de-tuxpan\/","title":{"rendered":"Entregan lentes a personas beneficiadas con la Jornada de Salud Visual, del Gobierno de Tuxpan"},"content":{"rendered":"<p><span style=\"font-size: 14pt;\">Tuxpan, Ver., 1 febrero 2024.- Para contribuir al sano desarrollo de la poblaci\u00f3n, la S\u00edndica \u00danica Mtra. Beatriz Pi\u00f1a Vergara y el Gobierno de Tuxpan que encabeza el alcalde Jos\u00e9 Manuel Pozos Castro llevaron a cabo una Jornada de Salud Visual m\u00e1s, en los bajos de la presidencia municipal.<\/span><\/p>\n<p><img loading=\"lazy\" decoding=\"async\" class=\"alignnone size-medium wp-image-24936\" src=\"http:\/\/noticiasveracruz.com\/wp-content\/uploads\/2024\/02\/WhatsApp-Image-2024-02-01-at-18.01.121-300x199.jpeg\" alt=\"\" width=\"300\" height=\"199\" srcset=\"https:\/\/noticiasveracruz.com\/wp-content\/uploads\/2024\/02\/WhatsApp-Image-2024-02-01-at-18.01.121-300x199.jpeg 300w, https:\/\/noticiasveracruz.com\/wp-content\/uploads\/2024\/02\/WhatsApp-Image-2024-02-01-at-18.01.121-1024x681.jpeg 1024w, https:\/\/noticiasveracruz.com\/wp-content\/uploads\/2024\/02\/WhatsApp-Image-2024-02-01-at-18.01.121-768x511.jpeg 768w, https:\/\/noticiasveracruz.com\/wp-content\/uploads\/2024\/02\/WhatsApp-Image-2024-02-01-at-18.01.121.jpeg 1280w\" sizes=\"auto, (max-width: 300px) 100vw, 300px\" \/><\/p>\n<p><span style=\"font-size: 14pt;\">En esta ocasi\u00f3n, adem\u00e1s de practicar ex\u00e1menes de la vista sin costo por parte de los especialistas de Grupo \u00d3ptico del Totonacapan, se entregaron anteojos a personas que asistieron durante el mes de enero a estas jornadas, los cuales fueron adquiridos a bajo costo.<\/span><\/p>\n<p><img loading=\"lazy\" decoding=\"async\" class=\"alignnone size-medium wp-image-24937\" src=\"http:\/\/noticiasveracruz.com\/wp-content\/uploads\/2024\/02\/WhatsApp-Image-2024-02-01-at-18.01.122-300x199.jpeg\" alt=\"\" width=\"300\" height=\"199\" srcset=\"https:\/\/noticiasveracruz.com\/wp-content\/uploads\/2024\/02\/WhatsApp-Image-2024-02-01-at-18.01.122-300x199.jpeg 300w, https:\/\/noticiasveracruz.com\/wp-content\/uploads\/2024\/02\/WhatsApp-Image-2024-02-01-at-18.01.122-1024x681.jpeg 1024w, https:\/\/noticiasveracruz.com\/wp-content\/uploads\/2024\/02\/WhatsApp-Image-2024-02-01-at-18.01.122-768x511.jpeg 768w, https:\/\/noticiasveracruz.com\/wp-content\/uploads\/2024\/02\/WhatsApp-Image-2024-02-01-at-18.01.122.jpeg 1280w\" sizes=\"auto, (max-width: 300px) 100vw, 300px\" \/><\/p>\n<p><span style=\"font-size: 14pt;\">La Mtra. Beatriz Pi\u00f1a invit\u00f3 nuevamente a la ciudadan\u00eda a que acuda todos los jueves a la presidencia municipal, de 10:00 a 15:00 horas, para que aprovechen esta campa\u00f1a, ya que mediante los estudios oculares se determina si la persona requiere lentes o tratamientos especializados adicionales.<\/span><\/p>\n<p><span style=\"font-size: 14pt;\">El objetivo de estas jornadas es que las familias tuxpe\u00f1as gocen de una mejor salud, sin afectar su econom\u00eda.<\/span><\/p>\n","protected":false},"excerpt":{"rendered":"<p>Tuxpan, Ver., 1 febrero 2024.- Para contribuir al sano desarrollo de la poblaci\u00f3n, la S\u00edndica \u00danica Mtra. Beatriz Pi\u00f1a Vergara<\/p>\n","protected":false},"author":4,"featured_media":24938,"comment_status":"closed","ping_status":"closed","sticky":false,"template":"","format":"standard","meta":{"colormag_page_container_layout":"default_layout","colormag_page_sidebar_layout":"default_layout","_jetpack_memberships_contains_paid_content":false,"footnotes":"","jetpack_publicize_message":"","jetpack_publicize_feature_enabled":true,"jetpack_social_post_already_shared":true,"jetpack_social_options":{"image_generator_settings":{"template":"highway","default_image_id":0,"font":"","enabled":false},"version":2}},"categories":[145,356],"tags":[],"class_list":["post-24935","post","type-post","status-publish","format-standard","has-post-thumbnail","hentry","category-estados","category-veracruz"],"jetpack_publicize_connections":[],"jetpack_featured_media_url":"https:\/\/noticiasveracruz.com\/wp-content\/uploads\/2024\/02\/WhatsApp-Image-2024-02-01-at-18.01.12.jpeg","jetpack_sharing_enabled":true,"publishpress_future_action":{"enabled":false,"date":"2026-05-08 20:48:28","action":"change-status","newStatus":"draft","terms":[],"taxonomy":"category","extraData":[]},"publishpress_future_workflow_manual_trigger":{"enabledWorkflows":[]},"_links":{"self":[{"href":"https:\/\/noticiasveracruz.com\/index.php\/wp-json\/wp\/v2\/posts\/24935","targetHints":{"allow":["GET"]}}],"collection":[{"href":"https:\/\/noticiasveracruz.com\/index.php\/wp-json\/wp\/v2\/posts"}],"about":[{"href":"https:\/\/noticiasveracruz.com\/index.php\/wp-json\/wp\/v2\/types\/post"}],"author":[{"embeddable":true,"href":"https:\/\/noticiasveracruz.com\/index.php\/wp-json\/wp\/v2\/users\/4"}],"replies":[{"embeddable":true,"href":"https:\/\/noticiasveracruz.com\/index.php\/wp-json\/wp\/v2\/comments?post=24935"}],"version-history":[{"count":0,"href":"https:\/\/noticiasveracruz.com\/index.php\/wp-json\/wp\/v2\/posts\/24935\/revisions"}],"wp:featuredmedia":[{"embeddable":true,"href":"https:\/\/noticiasveracruz.com\/index.php\/wp-json\/wp\/v2\/media\/24938"}],"wp:attachment":[{"href":"https:\/\/noticiasveracruz.com\/index.php\/wp-json\/wp\/v2\/media?parent=24935"}],"wp:term":[{"taxonomy":"category","embeddable":true,"href":"https:\/\/noticiasveracruz.com\/index.php\/wp-json\/wp\/v2\/categories?post=24935"},{"taxonomy":"post_tag","embeddable":true,"href":"https:\/\/noticiasveracruz.com\/index.php\/wp-json\/wp\/v2\/tags?post=24935"}],"curies":[{"name":"wp","href":"https:\/\/api.w.org\/{rel}","templated":true}]}}