{"id":24457,"date":"2024-01-25T11:19:22","date_gmt":"2024-01-25T17:19:22","guid":{"rendered":"https:\/\/noticiasveracruz.com\/?p=24457"},"modified":"2024-01-25T11:19:22","modified_gmt":"2024-01-25T17:19:22","slug":"suspenden-a-canciller-colombiano-por-licitacion-irregular-de-pasaportes","status":"publish","type":"post","link":"https:\/\/noticiasveracruz.com\/index.php\/2024\/01\/25\/suspenden-a-canciller-colombiano-por-licitacion-irregular-de-pasaportes\/","title":{"rendered":"Suspenden a canciller colombiano por licitaci\u00f3n irregular de pasaportes"},"content":{"rendered":"<p><span style=\"font-size: 14pt;\"><em>Bogot\u00e1<\/em>. El canciller colombiano, \u00c1lvaro Leyva, fue llamado a juicio disciplinario y suspendido por tres meses, inform\u00f3 el mi\u00e9rcoles la Procuradur\u00eda al hallar posibles irregularidades durante un millonario y pol\u00e9mico proceso de licitaci\u00f3n para elaborar pasaportes.<\/span><\/p>\n<p><span style=\"font-size: 14pt;\">La suspensi\u00f3n es de efecto inmediato y podr\u00eda prorrogarse por otros tres meses, seg\u00fan la ley colombiana que rige las investigaciones disciplinarias.<\/span><\/p>\n<p><span style=\"font-size: 14pt;\">Leyva no se pronunci\u00f3 de inmediato sobre la decisi\u00f3n de la Procuradur\u00eda. Seg\u00fan la canciller\u00eda, cumple una agenda en Ginebra en el Foro Mundial sobre Migraci\u00f3n y Desarrollo.<\/span><\/p>\n<p><span style=\"font-size: 14pt;\">El presidente de Colombia, Gustavo Petro, reaccion\u00f3 en defensa de su ministro y se\u00f1al\u00f3 la decisi\u00f3n del \u00f3rgano de control como un intento de debilitar \u00abel gobierno popular\u201d.<\/span><\/p>\n<p><span style=\"font-size: 14pt;\">\u201cNo puede ser que lo que se presenta ante el mundo sea la verg\u00fcenza de que se suspenden los funcionarios que est\u00e1n haciendo su tarea\u201d, indic\u00f3 Petro durante una declaraci\u00f3n en Nari\u00f1o, al suroeste del pa\u00eds, en referencia a que Leyva ha gestionado la posible visita del Consejo de Seguridad de las Naciones Unidas a Colombia el pr\u00f3ximo mes.<\/span><\/p>\n<p><span style=\"font-size: 14pt;\">La Procuradur\u00eda \u2014encargada de las investigaciones disciplinarias a funcionarios p\u00fablicos\u2014 detall\u00f3 en un comunicado que Leyva habr\u00eda incurrido en dos faltas disciplinarias calificadas provisionalmente como \u201cgrav\u00edsimas a t\u00edtulo de dolo\u201d.<\/span><\/p>\n<p><span style=\"font-size: 14pt;\">La investigaci\u00f3n se centra en el proceso de licitaci\u00f3n para elegir a la empresa encargada de dise\u00f1ar e imprimir los pasaportes en Colombia con un presupuesto cercano a los 150 millones de d\u00f3lares.<\/span><\/p>\n<p><span style=\"font-size: 14pt;\">Las presuntas faltas disciplinarias habr\u00edan sido cometidas al declarar desierta la licitaci\u00f3n de 2023 sin los fundamentos \u201cf\u00e1cticos, jur\u00eddicos y t\u00e9cnicos\u201d necesarios y por decretar luego una urgencia en el tr\u00e1mite del contrato sin que, al parecer, existieran causales suficientes.<\/span><\/p>\n<p><span style=\"font-size: 14pt;\">La Procuradur\u00eda decidi\u00f3 suspender al canciller provisionalmente para evitar que reitere las fallas disciplinarias y dado que sigue a cargo del nuevo proceso para la elaboraci\u00f3n de los pasaportes.<\/span><\/p>\n<p><span style=\"font-size: 14pt;\">La licitaci\u00f3n para elaborar pasaportes ha estado rodeada de pol\u00e9mica. En mayo de 2023 se dio apertura a la licitaci\u00f3n en la que un operador llamado Thomas Greg &amp; Sons era el \u00fanico que cumpl\u00eda con los requisitos y ya en el pasado hab\u00eda elaborado los pasaportes.<\/span><\/p>\n<p><span style=\"font-size: 14pt;\">La canciller\u00eda recibi\u00f3 cr\u00edticas de algunos sectores y de la prensa que se\u00f1alaban un posible favoritismo por ese operador para que se quedara con el contrato. La Procuradur\u00eda advirti\u00f3 entonces que vigilaba de cerca que se dieran garant\u00edas de \u201cselecci\u00f3n objetiva\u201d.<\/span><\/p>\n<p><span style=\"font-size: 14pt;\">Petro se ha opuesto a que se adjudiquen contratos cuando haya un \u00fanico proponente habilitado porque a su juicio impiden que haya competencia real.<\/span><\/p>\n<p><span style=\"font-size: 14pt;\">Luego de las cr\u00edticas, en septiembre de ese a\u00f1o la canciller\u00eda declar\u00f3 desierta la licitaci\u00f3n, lo que oblig\u00f3 a iniciar un nuevo proceso.<\/span><\/p>\n<p><span style=\"font-size: 14pt;\">Leyva explic\u00f3 en diciembre pasado al Congreso que decidi\u00f3 declarar desierto el proceso por las observaciones presentadas por otros oferentes que consideraban que no se estaban garantizando los principios de igualdad de oportunidades.<\/span><\/p>\n<p><span style=\"font-size: 14pt;\">La decisi\u00f3n fue refutada y la empresa anunci\u00f3 que demandar\u00eda al Estado por 117.000 millones de pesos (unos 29 millones de d\u00f3lares).<\/span><\/p>\n<p><span style=\"font-size: 14pt;\">Ante la incertidumbre por la expedici\u00f3n de los pasaportes, la canciller\u00eda recurri\u00f3 en octubre a la figura de \u201curgencia manifiesta\u201d, una excepci\u00f3n legal que permite que se contrate directamente sin realizar una licitaci\u00f3n. Seg\u00fan la entidad, la \u201d\u00fanica firma que acredit\u00f3\u201d tener la capacidad para ejecutar el contrato de inmediato fue Thomas Greg &amp; Sons, que finalmente lo obtuvo.<\/span><\/p>\n<p><span style=\"font-size: 14pt;\">La canciller\u00eda ha dicho que planea abrir una nueva licitaci\u00f3n para la elaboraci\u00f3n de los pasaportes.<\/span><\/p>\n","protected":false},"excerpt":{"rendered":"<p>Bogot\u00e1. El canciller colombiano, \u00c1lvaro Leyva, fue llamado a juicio disciplinario y suspendido por tres meses, inform\u00f3 el mi\u00e9rcoles la<\/p>\n","protected":false},"author":4,"featured_media":24458,"comment_status":"closed","ping_status":"closed","sticky":false,"template":"","format":"standard","meta":{"colormag_page_container_layout":"default_layout","colormag_page_sidebar_layout":"default_layout","_jetpack_memberships_contains_paid_content":false,"footnotes":"","jetpack_publicize_message":"","jetpack_publicize_feature_enabled":true,"jetpack_social_post_already_shared":true,"jetpack_social_options":{"image_generator_settings":{"template":"highway","default_image_id":0,"font":"","enabled":false},"version":2}},"categories":[355],"tags":[],"class_list":["post-24457","post","type-post","status-publish","format-standard","has-post-thumbnail","hentry","category-internacional"],"jetpack_publicize_connections":[],"jetpack_featured_media_url":"https:\/\/noticiasveracruz.com\/wp-content\/uploads\/2024\/01\/OIP.jpg","jetpack_sharing_enabled":true,"publishpress_future_action":{"enabled":false,"date":"2026-05-08 20:00:16","action":"change-status","newStatus":"draft","terms":[],"taxonomy":"category","extraData":[]},"publishpress_future_workflow_manual_trigger":{"enabledWorkflows":[]},"_links":{"self":[{"href":"https:\/\/noticiasveracruz.com\/index.php\/wp-json\/wp\/v2\/posts\/24457","targetHints":{"allow":["GET"]}}],"collection":[{"href":"https:\/\/noticiasveracruz.com\/index.php\/wp-json\/wp\/v2\/posts"}],"about":[{"href":"https:\/\/noticiasveracruz.com\/index.php\/wp-json\/wp\/v2\/types\/post"}],"author":[{"embeddable":true,"href":"https:\/\/noticiasveracruz.com\/index.php\/wp-json\/wp\/v2\/users\/4"}],"replies":[{"embeddable":true,"href":"https:\/\/noticiasveracruz.com\/index.php\/wp-json\/wp\/v2\/comments?post=24457"}],"version-history":[{"count":0,"href":"https:\/\/noticiasveracruz.com\/index.php\/wp-json\/wp\/v2\/posts\/24457\/revisions"}],"wp:featuredmedia":[{"embeddable":true,"href":"https:\/\/noticiasveracruz.com\/index.php\/wp-json\/wp\/v2\/media\/24458"}],"wp:attachment":[{"href":"https:\/\/noticiasveracruz.com\/index.php\/wp-json\/wp\/v2\/media?parent=24457"}],"wp:term":[{"taxonomy":"category","embeddable":true,"href":"https:\/\/noticiasveracruz.com\/index.php\/wp-json\/wp\/v2\/categories?post=24457"},{"taxonomy":"post_tag","embeddable":true,"href":"https:\/\/noticiasveracruz.com\/index.php\/wp-json\/wp\/v2\/tags?post=24457"}],"curies":[{"name":"wp","href":"https:\/\/api.w.org\/{rel}","templated":true}]}}