{"id":24454,"date":"2024-01-25T08:31:11","date_gmt":"2024-01-25T14:31:11","guid":{"rendered":"https:\/\/noticiasveracruz.com\/?p=24454"},"modified":"2024-01-25T08:31:11","modified_gmt":"2024-01-25T14:31:11","slug":"cabeza-de-vaca-entre-candidatos-a-diputados-plurinominales-del-pan","status":"publish","type":"post","link":"https:\/\/noticiasveracruz.com\/index.php\/2024\/01\/25\/cabeza-de-vaca-entre-candidatos-a-diputados-plurinominales-del-pan\/","title":{"rendered":"Cabeza de Vaca, entre candidatos a diputados plurinominales del PAN"},"content":{"rendered":"<p><span style=\"font-size: 14pt;\">La Comisi\u00f3n Permanente del PAN aprob\u00f3 esta noche el listado de sus candidatos a diputados federales plurinominales, entre los que se encuentra el ex gobernador de Tamaulipas, Francisco Javier Garc\u00eda Cabeza de Vaca, acusado de lavado de dinero, delincuencia organizada y defraudaci\u00f3n fiscal, por lo que fue desaforado en San L\u00e1zaro.<\/span><\/p>\n<p class=\"western\"><span style=\"font-size: 14pt;\">De igual manera aparecen Jorge Romero, quien repetir\u00eda en la C\u00e1mara de Diputados, y Julen Rementeria, quien salta del Senado a la c\u00e1mara antes se\u00f1alada.<\/span><\/p>\n<p class=\"western\"><span style=\"font-size: 14pt;\">La comisi\u00f3n permanente panista tambi\u00e9n aval\u00f3 que los exgobernadores Francisco Javier Ram\u00edrez Acu\u00f1a y Miguel M\u00e1rquez M\u00e1rquez, contiendan por las senadur\u00edas de Jalisco y Guanajuato, y que Miguel \u00c1ngel Yunes vaya por la de Veracruz.<\/span><\/p>\n","protected":false},"excerpt":{"rendered":"<p>La Comisi\u00f3n Permanente del PAN aprob\u00f3 esta noche el listado de sus candidatos a diputados federales plurinominales, entre los que<\/p>\n","protected":false},"author":4,"featured_media":24455,"comment_status":"closed","ping_status":"closed","sticky":false,"template":"","format":"standard","meta":{"colormag_page_container_layout":"default_layout","colormag_page_sidebar_layout":"default_layout","_jetpack_memberships_contains_paid_content":false,"footnotes":"","jetpack_publicize_message":"","jetpack_publicize_feature_enabled":true,"jetpack_social_post_already_shared":true,"jetpack_social_options":{"image_generator_settings":{"template":"highway","default_image_id":0,"font":"","enabled":false},"version":2}},"categories":[4],"tags":[],"class_list":["post-24454","post","type-post","status-publish","format-standard","has-post-thumbnail","hentry","category-nacional"],"jetpack_publicize_connections":[],"jetpack_featured_media_url":"https:\/\/noticiasveracruz.com\/wp-content\/uploads\/2024\/01\/Fco-Javier-Cabeza-de-Vaca.jpg","jetpack_sharing_enabled":true,"publishpress_future_action":{"enabled":false,"date":"2026-05-08 20:49:13","action":"change-status","newStatus":"draft","terms":[],"taxonomy":"category","extraData":[]},"publishpress_future_workflow_manual_trigger":{"enabledWorkflows":[]},"_links":{"self":[{"href":"https:\/\/noticiasveracruz.com\/index.php\/wp-json\/wp\/v2\/posts\/24454","targetHints":{"allow":["GET"]}}],"collection":[{"href":"https:\/\/noticiasveracruz.com\/index.php\/wp-json\/wp\/v2\/posts"}],"about":[{"href":"https:\/\/noticiasveracruz.com\/index.php\/wp-json\/wp\/v2\/types\/post"}],"author":[{"embeddable":true,"href":"https:\/\/noticiasveracruz.com\/index.php\/wp-json\/wp\/v2\/users\/4"}],"replies":[{"embeddable":true,"href":"https:\/\/noticiasveracruz.com\/index.php\/wp-json\/wp\/v2\/comments?post=24454"}],"version-history":[{"count":0,"href":"https:\/\/noticiasveracruz.com\/index.php\/wp-json\/wp\/v2\/posts\/24454\/revisions"}],"wp:featuredmedia":[{"embeddable":true,"href":"https:\/\/noticiasveracruz.com\/index.php\/wp-json\/wp\/v2\/media\/24455"}],"wp:attachment":[{"href":"https:\/\/noticiasveracruz.com\/index.php\/wp-json\/wp\/v2\/media?parent=24454"}],"wp:term":[{"taxonomy":"category","embeddable":true,"href":"https:\/\/noticiasveracruz.com\/index.php\/wp-json\/wp\/v2\/categories?post=24454"},{"taxonomy":"post_tag","embeddable":true,"href":"https:\/\/noticiasveracruz.com\/index.php\/wp-json\/wp\/v2\/tags?post=24454"}],"curies":[{"name":"wp","href":"https:\/\/api.w.org\/{rel}","templated":true}]}}