{"id":24451,"date":"2024-01-25T08:27:34","date_gmt":"2024-01-25T14:27:34","guid":{"rendered":"https:\/\/noticiasveracruz.com\/?p=24451"},"modified":"2024-01-25T08:27:34","modified_gmt":"2024-01-25T14:27:34","slug":"aseguran-alito-y-viggiano-candidaturas-plurinominales-del-pri-al-senado","status":"publish","type":"post","link":"https:\/\/noticiasveracruz.com\/index.php\/2024\/01\/25\/aseguran-alito-y-viggiano-candidaturas-plurinominales-del-pri-al-senado\/","title":{"rendered":"Aseguran &#8216;Alito&#8217; y Viggiano candidaturas plurinominales del PRI al Senado"},"content":{"rendered":"<p><span style=\"font-size: 14pt;\">El dirigente nacional del Partido Revolucionario Institucional (PRI), Alejandro Moreno C\u00e1rdenas, y la secretaria general, Carolina Viggiano se garantizaron esta noche los dos primeros lugares de las listas de candidatos plurinominales a la C\u00e1mara de Senadores.<\/span><\/p>\n<p class=\"western\"><span style=\"font-size: 14pt;\">En una sesi\u00f3n privada en la sede nacional del tricolor, la Comisi\u00f3n Pol\u00edtica Permanente del Consejo Pol\u00edtico Nacional -que tambi\u00e9n encabezan ambos- votaron la relaci\u00f3n de candidatos a las dos c\u00e1maras del Congreso.<\/span><\/p>\n<p class=\"western\"><span style=\"font-size: 14pt;\">El actual coordinador de los diputados federales y esposo de Viggiano, Rub\u00e9n Moreira, fue incluido en la lista de candidatos pluris.<\/span><\/p>\n<p class=\"western\"><span style=\"font-size: 14pt;\">Adem\u00e1s, Alito meti\u00f3 en el lugar tres de la lista para el Senado al diputado Pablo Angulo, quien es su colaborador incondicional.<\/span><\/p>\n<p class=\"western\"><span style=\"font-size: 14pt;\">El ex dirigente nacional del tricolor y ex presidente de la C\u00e1mara de Diputados, Manlio Fabio Beltrones Rivera, ser\u00e1 candidato al Senado por Sonora por mayor\u00eda y tambi\u00e9n plurinominal. Por esta segunda v\u00eda fue incluido en el n\u00famero cinco de la lista.\u00a0<\/span><\/p>\n<p class=\"western\"><span style=\"font-size: 14pt;\">Su hija, la senadora Sylvana Beltrones, figura en las listas de candidatos a la C\u00e1mara de Diputados.<\/span><br \/>\n<span style=\"font-size: 14pt;\">La lista completa de candidatos a las dos c\u00e1maras del Congreso no se revel\u00f3 esta noche oficialmente, debido a que todav\u00eda hay jaloneos de aspirantes a quienes la dirigencia de Moreno C\u00e1rdenas no cumpli\u00f3 sus compromisos de reelecci\u00f3n, sobre todo a diputados federales que se quedar\u00e1n sin dieta y fuero.\u00a0<\/span><\/p>\n<p class=\"western\"><span style=\"font-size: 14pt;\">En la relaci\u00f3n que trascendi\u00f3 entre pri\u00edstas, al Senado en el lugar 4 y 5 van las diputadas Cristina Ruiz Sandoval y Ana Lilia Rivera; en el sexto lugar, buscar\u00e1 la reelecci\u00f3n el senador y dirigente de la Confederaci\u00f3n de Trabajadores de M\u00e9xico, Carlos Aceves del Olmo, quien tiene 83 a\u00f1os.<\/span><\/p>\n","protected":false},"excerpt":{"rendered":"<p>El dirigente nacional del Partido Revolucionario Institucional (PRI), Alejandro Moreno C\u00e1rdenas, y la secretaria general, Carolina Viggiano se garantizaron esta<\/p>\n","protected":false},"author":4,"featured_media":24452,"comment_status":"closed","ping_status":"closed","sticky":false,"template":"","format":"standard","meta":{"colormag_page_container_layout":"default_layout","colormag_page_sidebar_layout":"default_layout","_jetpack_memberships_contains_paid_content":false,"footnotes":"","jetpack_publicize_message":"","jetpack_publicize_feature_enabled":true,"jetpack_social_post_already_shared":true,"jetpack_social_options":{"image_generator_settings":{"template":"highway","default_image_id":0,"font":"","enabled":false},"version":2}},"categories":[4],"tags":[],"class_list":["post-24451","post","type-post","status-publish","format-standard","has-post-thumbnail","hentry","category-nacional"],"jetpack_publicize_connections":[],"jetpack_featured_media_url":"https:\/\/noticiasveracruz.com\/wp-content\/uploads\/2024\/01\/A-1.jpg","jetpack_sharing_enabled":true,"publishpress_future_action":{"enabled":false,"date":"2026-05-08 21:33:37","action":"change-status","newStatus":"draft","terms":[],"taxonomy":"category","extraData":[]},"publishpress_future_workflow_manual_trigger":{"enabledWorkflows":[]},"_links":{"self":[{"href":"https:\/\/noticiasveracruz.com\/index.php\/wp-json\/wp\/v2\/posts\/24451","targetHints":{"allow":["GET"]}}],"collection":[{"href":"https:\/\/noticiasveracruz.com\/index.php\/wp-json\/wp\/v2\/posts"}],"about":[{"href":"https:\/\/noticiasveracruz.com\/index.php\/wp-json\/wp\/v2\/types\/post"}],"author":[{"embeddable":true,"href":"https:\/\/noticiasveracruz.com\/index.php\/wp-json\/wp\/v2\/users\/4"}],"replies":[{"embeddable":true,"href":"https:\/\/noticiasveracruz.com\/index.php\/wp-json\/wp\/v2\/comments?post=24451"}],"version-history":[{"count":0,"href":"https:\/\/noticiasveracruz.com\/index.php\/wp-json\/wp\/v2\/posts\/24451\/revisions"}],"wp:featuredmedia":[{"embeddable":true,"href":"https:\/\/noticiasveracruz.com\/index.php\/wp-json\/wp\/v2\/media\/24452"}],"wp:attachment":[{"href":"https:\/\/noticiasveracruz.com\/index.php\/wp-json\/wp\/v2\/media?parent=24451"}],"wp:term":[{"taxonomy":"category","embeddable":true,"href":"https:\/\/noticiasveracruz.com\/index.php\/wp-json\/wp\/v2\/categories?post=24451"},{"taxonomy":"post_tag","embeddable":true,"href":"https:\/\/noticiasveracruz.com\/index.php\/wp-json\/wp\/v2\/tags?post=24451"}],"curies":[{"name":"wp","href":"https:\/\/api.w.org\/{rel}","templated":true}]}}