{"id":24448,"date":"2024-01-25T08:23:51","date_gmt":"2024-01-25T14:23:51","guid":{"rendered":"https:\/\/noticiasveracruz.com\/?p=24448"},"modified":"2024-01-25T08:23:51","modified_gmt":"2024-01-25T14:23:51","slug":"boletos-del-tren-maya-se-venden-a-traves-del-sitio-web-oficial-sedena","status":"publish","type":"post","link":"https:\/\/noticiasveracruz.com\/index.php\/2024\/01\/25\/boletos-del-tren-maya-se-venden-a-traves-del-sitio-web-oficial-sedena\/","title":{"rendered":"Boletos del Tren Maya se venden a trav\u00e9s del sitio web oficial: Sedena"},"content":{"rendered":"<p><span style=\"font-size: 14pt;\">La Secretar\u00eda de la Defensa Nacional inform\u00f3 a turistas nacionales y extranjeros, as\u00ed como a la poblaci\u00f3n local de M\u00e9rida, que contin\u00faa la venta de boletos a trav\u00e9s de la p\u00e1gina entradastrenmaya.com.mx\/reserva.<\/span><\/p>\n<p class=\"western\"><span style=\"font-size: 14pt;\">\u201cSi bien qued\u00f3 suspendida la venta a trav\u00e9s de la plataforma e-ticket, el Tren Maya contin\u00faa la venta de boletos, pero ahora a trav\u00e9s de su propia plataforma, por lo que son falsas las versiones en otro sentido\u201d.<\/span><\/p>\n<p class=\"western\"><span style=\"font-size: 14pt;\">La Sedena apunt\u00f3 que el Tren Maya puso a disposici\u00f3n la p\u00e1gina oficial trenmaya.gob.mx, donde tambi\u00e9n se accede a la plataforma de venta de boletos en l\u00ednea.<\/span><\/p>\n<p class=\"western\"><span style=\"font-size: 14pt;\">Agrego que igualmente se puede descargar La gran gu\u00eda del Tren Maya para conocer zonas arqueol\u00f3gicas, actividades ecotur\u00edsticas y sitios naturales que forman parte del recorrido por cinco municipios del sureste mexicano.<\/span><\/p>\n","protected":false},"excerpt":{"rendered":"<p>La Secretar\u00eda de la Defensa Nacional inform\u00f3 a turistas nacionales y extranjeros, as\u00ed como a la poblaci\u00f3n local de M\u00e9rida,<\/p>\n","protected":false},"author":4,"featured_media":24449,"comment_status":"closed","ping_status":"closed","sticky":false,"template":"","format":"standard","meta":{"colormag_page_container_layout":"default_layout","colormag_page_sidebar_layout":"default_layout","_jetpack_memberships_contains_paid_content":false,"footnotes":"","jetpack_publicize_message":"","jetpack_publicize_feature_enabled":true,"jetpack_social_post_already_shared":true,"jetpack_social_options":{"image_generator_settings":{"template":"highway","default_image_id":0,"font":"","enabled":false},"version":2}},"categories":[4],"tags":[],"class_list":["post-24448","post","type-post","status-publish","format-standard","has-post-thumbnail","hentry","category-nacional"],"jetpack_publicize_connections":[],"jetpack_featured_media_url":"https:\/\/noticiasveracruz.com\/wp-content\/uploads\/2024\/01\/f960x540-594295_668370_15.jpg","jetpack_sharing_enabled":true,"publishpress_future_action":{"enabled":false,"date":"2026-05-08 22:22:51","action":"change-status","newStatus":"draft","terms":[],"taxonomy":"category","extraData":[]},"publishpress_future_workflow_manual_trigger":{"enabledWorkflows":[]},"_links":{"self":[{"href":"https:\/\/noticiasveracruz.com\/index.php\/wp-json\/wp\/v2\/posts\/24448","targetHints":{"allow":["GET"]}}],"collection":[{"href":"https:\/\/noticiasveracruz.com\/index.php\/wp-json\/wp\/v2\/posts"}],"about":[{"href":"https:\/\/noticiasveracruz.com\/index.php\/wp-json\/wp\/v2\/types\/post"}],"author":[{"embeddable":true,"href":"https:\/\/noticiasveracruz.com\/index.php\/wp-json\/wp\/v2\/users\/4"}],"replies":[{"embeddable":true,"href":"https:\/\/noticiasveracruz.com\/index.php\/wp-json\/wp\/v2\/comments?post=24448"}],"version-history":[{"count":0,"href":"https:\/\/noticiasveracruz.com\/index.php\/wp-json\/wp\/v2\/posts\/24448\/revisions"}],"wp:featuredmedia":[{"embeddable":true,"href":"https:\/\/noticiasveracruz.com\/index.php\/wp-json\/wp\/v2\/media\/24449"}],"wp:attachment":[{"href":"https:\/\/noticiasveracruz.com\/index.php\/wp-json\/wp\/v2\/media?parent=24448"}],"wp:term":[{"taxonomy":"category","embeddable":true,"href":"https:\/\/noticiasveracruz.com\/index.php\/wp-json\/wp\/v2\/categories?post=24448"},{"taxonomy":"post_tag","embeddable":true,"href":"https:\/\/noticiasveracruz.com\/index.php\/wp-json\/wp\/v2\/tags?post=24448"}],"curies":[{"name":"wp","href":"https:\/\/api.w.org\/{rel}","templated":true}]}}