{"id":24445,"date":"2024-01-25T08:21:48","date_gmt":"2024-01-25T14:21:48","guid":{"rendered":"https:\/\/noticiasveracruz.com\/?p=24445"},"modified":"2024-01-25T08:21:48","modified_gmt":"2024-01-25T14:21:48","slug":"permanente-del-pan-aprueba-tres-candidaturas-a-diputaciones-plurinominales","status":"publish","type":"post","link":"https:\/\/noticiasveracruz.com\/index.php\/2024\/01\/25\/permanente-del-pan-aprueba-tres-candidaturas-a-diputaciones-plurinominales\/","title":{"rendered":"Permanente del PAN aprueba tres candidaturas a diputaciones plurinominales"},"content":{"rendered":"<p><span style=\"font-size: 14pt;\">La Comisi\u00f3n Permanente del PAN aprob\u00f3 esta noche las candidaturas de Germ\u00e1n Mart\u00ednez, Kenia L\u00f3pez y Josefina V\u00e1zquez Mota a diputaciones federales plurinominales.<\/span><\/p>\n<p class=\"western\"><span style=\"font-size: 14pt;\">Destaca la designaci\u00f3n de Mart\u00ednez C\u00e1zares, quien llego al senado por las siglas de Morena, dejo el espacio para ocupar la direcci\u00f3n del Instituto Mexicano del Seguro Social, y tras renunciar al organismo, se reincorpor\u00f3 al grupo parlamentario del partido guinda en la c\u00e1mara alta, para despu\u00e9s abandonarlo.<\/span><\/p>\n<p class=\"western\"><span style=\"font-size: 14pt;\">Como legislador sin partido, form\u00f3 parte del llamado Grupo Plural, instancia que frecuentemente voto en contra de Morena y en algunas ocasiones a favor.<\/span><\/p>\n<p class=\"western\"><span style=\"font-size: 14pt;\">El s\u00e1bado pasado, Germ\u00e1n Mart\u00ednez dialogo con el dirigente nacional del blanquiazul, Marko Cort\u00e9s en Michoac\u00e1n, e incluso este \u00faltimo public\u00f3 una fotograf\u00eda donde aparecen los dos por primera vez luego de que el senador renunci\u00f3 a las filas del PAN, fuerza pol\u00edtica de la que fue dirigente nacional.<\/span><\/p>\n<p class=\"western\"><span style=\"font-size: 14pt;\">La precandidata presidencial de la oposici\u00f3n, X\u00f3chitl G\u00e1lvez, felicit\u00f3 a los tres abanderados por su designaci\u00f3n como candidato del PAN. \u201cSu aportaci\u00f3n como candidatos a esta campa\u00f1a es invaluable\u201d, apunt\u00f3 en redes sociales.<\/span><\/p>\n","protected":false},"excerpt":{"rendered":"<p>La Comisi\u00f3n Permanente del PAN aprob\u00f3 esta noche las candidaturas de Germ\u00e1n Mart\u00ednez, Kenia L\u00f3pez y Josefina V\u00e1zquez Mota a<\/p>\n","protected":false},"author":4,"featured_media":24446,"comment_status":"closed","ping_status":"closed","sticky":false,"template":"","format":"standard","meta":{"colormag_page_container_layout":"default_layout","colormag_page_sidebar_layout":"default_layout","_jetpack_memberships_contains_paid_content":false,"footnotes":"","jetpack_publicize_message":"","jetpack_publicize_feature_enabled":true,"jetpack_social_post_already_shared":true,"jetpack_social_options":{"image_generator_settings":{"template":"highway","default_image_id":0,"font":"","enabled":false},"version":2}},"categories":[4],"tags":[],"class_list":["post-24445","post","type-post","status-publish","format-standard","has-post-thumbnail","hentry","category-nacional"],"jetpack_publicize_connections":[],"jetpack_featured_media_url":"https:\/\/noticiasveracruz.com\/wp-content\/uploads\/2024\/01\/P-1.jpg","jetpack_sharing_enabled":true,"publishpress_future_action":{"enabled":false,"date":"2026-05-08 23:22:59","action":"change-status","newStatus":"draft","terms":[],"taxonomy":"category","extraData":[]},"publishpress_future_workflow_manual_trigger":{"enabledWorkflows":[]},"_links":{"self":[{"href":"https:\/\/noticiasveracruz.com\/index.php\/wp-json\/wp\/v2\/posts\/24445","targetHints":{"allow":["GET"]}}],"collection":[{"href":"https:\/\/noticiasveracruz.com\/index.php\/wp-json\/wp\/v2\/posts"}],"about":[{"href":"https:\/\/noticiasveracruz.com\/index.php\/wp-json\/wp\/v2\/types\/post"}],"author":[{"embeddable":true,"href":"https:\/\/noticiasveracruz.com\/index.php\/wp-json\/wp\/v2\/users\/4"}],"replies":[{"embeddable":true,"href":"https:\/\/noticiasveracruz.com\/index.php\/wp-json\/wp\/v2\/comments?post=24445"}],"version-history":[{"count":0,"href":"https:\/\/noticiasveracruz.com\/index.php\/wp-json\/wp\/v2\/posts\/24445\/revisions"}],"wp:featuredmedia":[{"embeddable":true,"href":"https:\/\/noticiasveracruz.com\/index.php\/wp-json\/wp\/v2\/media\/24446"}],"wp:attachment":[{"href":"https:\/\/noticiasveracruz.com\/index.php\/wp-json\/wp\/v2\/media?parent=24445"}],"wp:term":[{"taxonomy":"category","embeddable":true,"href":"https:\/\/noticiasveracruz.com\/index.php\/wp-json\/wp\/v2\/categories?post=24445"},{"taxonomy":"post_tag","embeddable":true,"href":"https:\/\/noticiasveracruz.com\/index.php\/wp-json\/wp\/v2\/tags?post=24445"}],"curies":[{"name":"wp","href":"https:\/\/api.w.org\/{rel}","templated":true}]}}