{"id":24442,"date":"2024-01-25T08:05:28","date_gmt":"2024-01-25T14:05:28","guid":{"rendered":"https:\/\/noticiasveracruz.com\/?p=24442"},"modified":"2024-01-25T08:05:28","modified_gmt":"2024-01-25T14:05:28","slug":"baja-historica-de-delitos-en-veracruz-fge","status":"publish","type":"post","link":"https:\/\/noticiasveracruz.com\/index.php\/2024\/01\/25\/baja-historica-de-delitos-en-veracruz-fge\/","title":{"rendered":"Baja hist\u00f3rica de delitos en Veracruz: FGE"},"content":{"rendered":"<p><span style=\"font-size: 14pt;\">Xalapa.- En cumplimiento a lo dispuesto en los art\u00edculos 33 y 67 de la Constituci\u00f3n Pol\u00edtica del estado, 40 de la Ley Org\u00e1nica del Poder Legislativo y 153 de Reglamento para el Gobierno Interior del Poder Legislativo y de acuerdo con el calendario aprobado por el Pleno de este Congreso, la LXVI Legislatura inici\u00f3 el periodo de comparecencias de los organismos p\u00fablicos del estado.<\/span><\/p>\n<p><span style=\"font-size: 14pt;\">Correspondi\u00f3 a la Comisi\u00f3n Permanente de Procuraci\u00f3n de Justicia, integrada por el diputado Genaro Ib\u00e1\u00f1ez Mart\u00ednez y por las legisladoras Rosalinda Galindo Silva y Ruth Callejas Rold\u00e1n, presidente, secretaria y vocal, respectivamente, iniciar los trabajos en el Recinto Oficial de Sesiones con la titular de la Fiscal\u00eda General del Estado (FGE), Ver\u00f3nica Hern\u00e1ndez Giad\u00e1ns.<\/span><\/p>\n<p><span style=\"font-size: 14pt;\">En presencia de autoridades de diversas secretar\u00edas estatales y titulares de organismos aut\u00f3nomos, la Fiscal General dio a conocer que en el ejercicio 2023, fueron iniciadas 88 mil 896 carpetas de investigaci\u00f3n de todos los delitos, sin embargo, acot\u00f3, se trata de menos carpetas debido a la baja en la incidencia delictiva en el estado.<\/span><\/p>\n<p><span style=\"font-size: 14pt;\">Destac\u00f3 que el delito de feminicidio disminuy\u00f3 m\u00e1s de 55 por ciento, el homicidio doloso casi 52 por ciento y el secuestro 91 por ciento. Por cada 100 mil habitantes, el estado ocup\u00f3 en diciembre pasado la posici\u00f3n 27 en la totalidad de presuntos delitos, muy por debajo de la media nacional. Adem\u00e1s, la emisi\u00f3n de dos mil 082 sentencias condenatorias, con penas ejemplares.<\/span><\/p>\n<p><span style=\"font-size: 14pt;\">En materia de atenci\u00f3n a la poblaci\u00f3n ind\u00edgena, afrodescendiente y derechos humanos, las y los int\u00e9rpretes-traductores lograron 773 conciliaciones.<\/span><\/p>\n<p><span style=\"font-size: 14pt;\">A trav\u00e9s de la Fiscal\u00eda Especializada en Investigaci\u00f3n de Delitos de Violencia contra la Familia, Mujeres, Ni\u00f1as y Ni\u00f1os y de Trata de Personas, fueron iniciadas 45 carpetas de investigaci\u00f3n por el delito de feminicidio, fueron detenidos 47 probables feminicidas y emitidas 39 sentencias condenatorias de m\u00e1s de 87 a\u00f1os de prisi\u00f3n.<\/span><\/p>\n<p><span style=\"font-size: 14pt;\">A su vez, prosigui\u00f3 la servidora p\u00fablica, la Fiscal\u00eda Especializada para la Atenci\u00f3n de Denuncias por Personas Desaparecidas y la Direcci\u00f3n General de los Servicios Periciales inici\u00f3 mil 519 carpetas de investigaci\u00f3n y ha mantenido la comunicaci\u00f3n con los colectivos de familiares de personas desaparecidas.<\/span><\/p>\n<p><span style=\"font-size: 14pt;\">En materia de secuestro, fueron iniciadas 28 carpetas de investigaci\u00f3n correspondientes a 34 v\u00edctimas directas y fueron solicitadas 39 \u00f3rdenes de aprehensi\u00f3n en contra de 77 probables responsables. Adem\u00e1s de 52 detenciones en flagrancia, con un total de 132 detenidos y la desarticulaci\u00f3n de 18 bandas, la obtenci\u00f3n de 60 sentencias condenatorias contra 118 responsables con penas de hasta 120 a\u00f1os de prisi\u00f3n.<\/span><\/p>\n<p><span style=\"font-size: 14pt;\">De acuerdo con la Coordinaci\u00f3n Nacional Antisecuestro (Conase), destac\u00f3 la Fiscal, Veracruz ocupa desde 2022 el primer lugar en detenidos, en \u00f3rdenes de aprehensi\u00f3n obtenidas y en bandas desarticuladas.<\/span><\/p>\n<p><span style=\"font-size: 14pt;\">La Fiscal\u00eda General, dijo su titular, tambi\u00e9n trabaja en la prevenci\u00f3n de delitos con la impartici\u00f3n de pl\u00e1ticas en escuelas, ayuntamientos, empresas, organizaciones de la sociedad civil y organismos empresariales.<\/span><\/p>\n<p><span style=\"font-size: 14pt;\">A trav\u00e9s de la Polic\u00eda Ministerial se cumpliment\u00f3 tres mil 169 mandamientos judiciales, casi dos mil detenciones en flagrancia, para un total de cinco mil 111 detenidos<\/span><\/p>\n<p><span style=\"font-size: 14pt;\">Hern\u00e1ndez Giad\u00e1ns destac\u00f3 tambi\u00e9n la construcci\u00f3n de los edificios B1 y B2 anexos a oficinas centrales, la bodega de indicios en Xalapa, la dignificaci\u00f3n en el \u00e1rea de desaparecidos, unidades integrales de procuraci\u00f3n de justicia y los semefos en Tuxpan, San Andr\u00e9s Tuxtla, Mart\u00ednez de la Torre, Coatzacoalcos, C\u00f3rdoba y Perote. As\u00ed como la entrega de 53 camionetas y veh\u00edculos, equipamiento t\u00e1ctico para \u00e1reas operativas, equipos de c\u00f3mputo y mobiliario de oficina para diferentes \u00e1reas.<\/span><\/p>\n<p><span style=\"font-size: 14pt;\">Por otra parte, desde la Unidad de G\u00e9nero, la FGE realiza acciones encaminadas a prevenir, atender, disminuir y erradicar la desigualdad entre mujeres y hombres, la discriminaci\u00f3n por motivo de g\u00e9nero y violencia por raz\u00f3n de g\u00e9nero, orientaci\u00f3n sexual, discapacidad u otra condici\u00f3n de vulnerabilidad.<\/span><\/p>\n<p><span style=\"font-size: 14pt;\">En cuanto a las solicitudes de acceso a la informaci\u00f3n recibidas por la Direcci\u00f3n de Transparencia, Acceso a la Informaci\u00f3n y Protecci\u00f3n de Datos Personales, fueron atendidas en su totalidad en tiempo y forma.<\/span><\/p>\n<p><span style=\"font-size: 14pt;\">La titular de la FGE dio cuenta tambi\u00e9n de su participaci\u00f3n en 73 reuniones con autoridades de los tres \u00f3rdenes de gobierno, \u00f3rganos aut\u00f3nomos y organizaciones de la sociedad civil, 260 sesiones de la Mesa Estatal de Coordinaci\u00f3n para la Construcci\u00f3n de la Paz, 31 actos c\u00edvicos en oficinas centrales, 53 reuniones con titulares de las unidades administrativas y operativas y, en la ciudad de Filadelfia, la Cumbre Binacional de Fiscales Generales M\u00e9xico-Estados Unidos.<\/span><\/p>\n<p><span style=\"font-size: 14pt;\">As\u00ed como la supervisi\u00f3n de las distintas instalaciones en el estado y de participar en las sesiones de los consejos Nacional y Estatal de Seguridad P\u00fablica y en las reuniones de la Conferencia Nacional de Procuraci\u00f3n de Justicia en representaci\u00f3n de la zona sureste, mesas de justicia y sesiones ordinarias de la Comisi\u00f3n Intersecretarial para la Consolidaci\u00f3n del Sistema de Justicia Penal en Veracruz.<\/span><\/p>\n","protected":false},"excerpt":{"rendered":"<p>Xalapa.- En cumplimiento a lo dispuesto en los art\u00edculos 33 y 67 de la Constituci\u00f3n Pol\u00edtica del estado, 40 de<\/p>\n","protected":false},"author":4,"featured_media":24443,"comment_status":"closed","ping_status":"closed","sticky":false,"template":"","format":"standard","meta":{"colormag_page_container_layout":"default_layout","colormag_page_sidebar_layout":"default_layout","_jetpack_memberships_contains_paid_content":false,"footnotes":"","jetpack_publicize_message":"","jetpack_publicize_feature_enabled":true,"jetpack_social_post_already_shared":true,"jetpack_social_options":{"image_generator_settings":{"template":"highway","default_image_id":0,"font":"","enabled":false},"version":2}},"categories":[145,356],"tags":[],"class_list":["post-24442","post","type-post","status-publish","format-standard","has-post-thumbnail","hentry","category-estados","category-veracruz"],"jetpack_publicize_connections":[],"jetpack_featured_media_url":"https:\/\/noticiasveracruz.com\/wp-content\/uploads\/2024\/01\/8a2.jpg","jetpack_sharing_enabled":true,"publishpress_future_action":{"enabled":false,"date":"2026-05-09 00:13:07","action":"change-status","newStatus":"draft","terms":[],"taxonomy":"category","extraData":[]},"publishpress_future_workflow_manual_trigger":{"enabledWorkflows":[]},"_links":{"self":[{"href":"https:\/\/noticiasveracruz.com\/index.php\/wp-json\/wp\/v2\/posts\/24442","targetHints":{"allow":["GET"]}}],"collection":[{"href":"https:\/\/noticiasveracruz.com\/index.php\/wp-json\/wp\/v2\/posts"}],"about":[{"href":"https:\/\/noticiasveracruz.com\/index.php\/wp-json\/wp\/v2\/types\/post"}],"author":[{"embeddable":true,"href":"https:\/\/noticiasveracruz.com\/index.php\/wp-json\/wp\/v2\/users\/4"}],"replies":[{"embeddable":true,"href":"https:\/\/noticiasveracruz.com\/index.php\/wp-json\/wp\/v2\/comments?post=24442"}],"version-history":[{"count":0,"href":"https:\/\/noticiasveracruz.com\/index.php\/wp-json\/wp\/v2\/posts\/24442\/revisions"}],"wp:featuredmedia":[{"embeddable":true,"href":"https:\/\/noticiasveracruz.com\/index.php\/wp-json\/wp\/v2\/media\/24443"}],"wp:attachment":[{"href":"https:\/\/noticiasveracruz.com\/index.php\/wp-json\/wp\/v2\/media?parent=24442"}],"wp:term":[{"taxonomy":"category","embeddable":true,"href":"https:\/\/noticiasveracruz.com\/index.php\/wp-json\/wp\/v2\/categories?post=24442"},{"taxonomy":"post_tag","embeddable":true,"href":"https:\/\/noticiasveracruz.com\/index.php\/wp-json\/wp\/v2\/tags?post=24442"}],"curies":[{"name":"wp","href":"https:\/\/api.w.org\/{rel}","templated":true}]}}