{"id":24311,"date":"2024-01-23T09:18:54","date_gmt":"2024-01-23T15:18:54","guid":{"rendered":"https:\/\/noticiasveracruz.com\/?p=24311"},"modified":"2024-01-23T09:18:54","modified_gmt":"2024-01-23T15:18:54","slug":"corte-suprema-permite-a-agentes-cortar-alambrado-en-frontera-de-texas","status":"publish","type":"post","link":"https:\/\/noticiasveracruz.com\/index.php\/2024\/01\/23\/corte-suprema-permite-a-agentes-cortar-alambrado-en-frontera-de-texas\/","title":{"rendered":"Corte Suprema permite a agentes cortar alambrado en frontera de Texas"},"content":{"rendered":"<p><span style=\"font-size: 14pt;\">Una Corte Suprema dividida permiti\u00f3 el lunes a agentes de la Patrulla Fronteriza cortar el alambre de p\u00faas que Texas instal\u00f3 en la frontera entre Estados Unidos y M\u00e9xico, mientras contin\u00faa una demanda por el alambre.<\/span><\/p>\n<p><span style=\"font-size: 14pt;\">Los jueces, por una votaci\u00f3n de 5 a 4, concedieron una apelaci\u00f3n de emergencia de la administraci\u00f3n Biden, que ha estado en un enfrentamiento cada vez mayor en la frontera con Texas y se hab\u00eda opuesto a un fallo de apelaci\u00f3n a favor del estado.<\/span><\/p>\n<p><span style=\"font-size: 14pt;\">El alambre de concertina es parte de la lucha m\u00e1s amplia del gobernador de Texas, Greg Abbott, con la administraci\u00f3n sobre la aplicaci\u00f3n de la ley de inmigraci\u00f3n.<\/span><\/p>\n","protected":false},"excerpt":{"rendered":"<p>Una Corte Suprema dividida permiti\u00f3 el lunes a agentes de la Patrulla Fronteriza cortar el alambre de p\u00faas que Texas<\/p>\n","protected":false},"author":4,"featured_media":24312,"comment_status":"closed","ping_status":"closed","sticky":false,"template":"","format":"standard","meta":{"colormag_page_container_layout":"default_layout","colormag_page_sidebar_layout":"default_layout","_jetpack_memberships_contains_paid_content":false,"footnotes":"","jetpack_publicize_message":"","jetpack_publicize_feature_enabled":true,"jetpack_social_post_already_shared":true,"jetpack_social_options":{"image_generator_settings":{"template":"highway","default_image_id":0,"font":"","enabled":false},"version":2}},"categories":[355],"tags":[],"class_list":["post-24311","post","type-post","status-publish","format-standard","has-post-thumbnail","hentry","category-internacional"],"jetpack_publicize_connections":[],"jetpack_featured_media_url":"https:\/\/noticiasveracruz.com\/wp-content\/uploads\/2024\/01\/Part-GTY-1922776888-1-1-1.jpg","jetpack_sharing_enabled":true,"publishpress_future_action":{"enabled":false,"date":"2026-05-08 09:05:32","action":"change-status","newStatus":"draft","terms":[],"taxonomy":"category","extraData":[]},"publishpress_future_workflow_manual_trigger":{"enabledWorkflows":[]},"_links":{"self":[{"href":"https:\/\/noticiasveracruz.com\/index.php\/wp-json\/wp\/v2\/posts\/24311","targetHints":{"allow":["GET"]}}],"collection":[{"href":"https:\/\/noticiasveracruz.com\/index.php\/wp-json\/wp\/v2\/posts"}],"about":[{"href":"https:\/\/noticiasveracruz.com\/index.php\/wp-json\/wp\/v2\/types\/post"}],"author":[{"embeddable":true,"href":"https:\/\/noticiasveracruz.com\/index.php\/wp-json\/wp\/v2\/users\/4"}],"replies":[{"embeddable":true,"href":"https:\/\/noticiasveracruz.com\/index.php\/wp-json\/wp\/v2\/comments?post=24311"}],"version-history":[{"count":0,"href":"https:\/\/noticiasveracruz.com\/index.php\/wp-json\/wp\/v2\/posts\/24311\/revisions"}],"wp:featuredmedia":[{"embeddable":true,"href":"https:\/\/noticiasveracruz.com\/index.php\/wp-json\/wp\/v2\/media\/24312"}],"wp:attachment":[{"href":"https:\/\/noticiasveracruz.com\/index.php\/wp-json\/wp\/v2\/media?parent=24311"}],"wp:term":[{"taxonomy":"category","embeddable":true,"href":"https:\/\/noticiasveracruz.com\/index.php\/wp-json\/wp\/v2\/categories?post=24311"},{"taxonomy":"post_tag","embeddable":true,"href":"https:\/\/noticiasveracruz.com\/index.php\/wp-json\/wp\/v2\/tags?post=24311"}],"curies":[{"name":"wp","href":"https:\/\/api.w.org\/{rel}","templated":true}]}}