{"id":24277,"date":"2024-01-23T08:39:20","date_gmt":"2024-01-23T14:39:20","guid":{"rendered":"https:\/\/noticiasveracruz.com\/?p=24277"},"modified":"2024-01-23T08:39:20","modified_gmt":"2024-01-23T14:39:20","slug":"el-sur-de-veracruz-esta-con-rocio-nahle-y-la-4t-esteban-ramirez","status":"publish","type":"post","link":"https:\/\/noticiasveracruz.com\/index.php\/2024\/01\/23\/el-sur-de-veracruz-esta-con-rocio-nahle-y-la-4t-esteban-ramirez\/","title":{"rendered":"El sur de Veracruz est\u00e1 con Roc\u00edo Nahle y la 4T: Esteban Ram\u00edrez"},"content":{"rendered":"<div class=\"tdb-block-inner td-fix-index\">\n<p><span style=\"font-size: 14pt;\">Xalapa, Ver.- Esteban Ram\u00edrez Zepeta, presidente del Comit\u00e9 Ejecutivo Estatal de Morena en Veracruz, de gira en los municipios de San Pedro Soteapan y Sayula de Alem\u00e1n, se\u00f1al\u00f3 que la gran mayor\u00eda de los habitantes de la zona sur de nuestro estado est\u00e1 con la precandidata Roc\u00edo Nahle Garc\u00eda y con el movimiento de la 4T.<\/span><\/p>\n<p><span style=\"font-size: 14pt;\">\u201cEsta gira que realizamos por el sur de nuestro querido Veracruz, por los municipios de San Pedro Soteapan y Sayula de Alem\u00e1n, nos confirma que los habitantes de esta zona est\u00e1n con nuestra precandidata \u00fanica a la gubernatura, la ingeniera Roc\u00edo Nahle Garc\u00eda.\u201d, expres\u00f3.<\/span><\/p>\n<p><span style=\"font-size: 14pt;\">El dirigente morenista dijo sentirse comprometido ahora que la doctora Claudia Sheinbaum es la candidata oficial del partido a la presidencia de la Rep\u00fablica, \u201cpues nos compromete a trabajar a\u00fan m\u00e1s, a seguir recorriendo el estado a ras de suelo\u201d.<\/span><\/p>\n<p><span style=\"font-size: 14pt;\">En la gira por el sur del estado, la precandidata \u00fanica a la gubernatura hizo el llamado a redoblar el paso en la conformaci\u00f3n de los comit\u00e9s de base del partido, \u201cpero sobre todo a trabajar en unidad, para el pueblo y por el pueblo\u201d, afirm\u00f3.<\/span><\/p>\n<\/div>\n","protected":false},"excerpt":{"rendered":"<p>Xalapa, Ver.- Esteban Ram\u00edrez Zepeta, presidente del Comit\u00e9 Ejecutivo Estatal de Morena en Veracruz, de gira en los municipios de<\/p>\n","protected":false},"author":4,"featured_media":24278,"comment_status":"closed","ping_status":"closed","sticky":false,"template":"","format":"standard","meta":{"colormag_page_container_layout":"default_layout","colormag_page_sidebar_layout":"default_layout","_jetpack_memberships_contains_paid_content":false,"footnotes":"","jetpack_publicize_message":"","jetpack_publicize_feature_enabled":true,"jetpack_social_post_already_shared":true,"jetpack_social_options":{"image_generator_settings":{"template":"highway","default_image_id":0,"font":"","enabled":false},"version":2}},"categories":[145,356],"tags":[],"class_list":["post-24277","post","type-post","status-publish","format-standard","has-post-thumbnail","hentry","category-estados","category-veracruz"],"jetpack_publicize_connections":[],"jetpack_featured_media_url":"https:\/\/noticiasveracruz.com\/wp-content\/uploads\/2024\/01\/1fc994d8-c787-4d1b-9ee7-5b43ea6273d9-1.jpg","jetpack_sharing_enabled":true,"publishpress_future_action":{"enabled":false,"date":"2026-05-06 09:41:48","action":"change-status","newStatus":"draft","terms":[],"taxonomy":"category","extraData":[]},"publishpress_future_workflow_manual_trigger":{"enabledWorkflows":[]},"_links":{"self":[{"href":"https:\/\/noticiasveracruz.com\/index.php\/wp-json\/wp\/v2\/posts\/24277","targetHints":{"allow":["GET"]}}],"collection":[{"href":"https:\/\/noticiasveracruz.com\/index.php\/wp-json\/wp\/v2\/posts"}],"about":[{"href":"https:\/\/noticiasveracruz.com\/index.php\/wp-json\/wp\/v2\/types\/post"}],"author":[{"embeddable":true,"href":"https:\/\/noticiasveracruz.com\/index.php\/wp-json\/wp\/v2\/users\/4"}],"replies":[{"embeddable":true,"href":"https:\/\/noticiasveracruz.com\/index.php\/wp-json\/wp\/v2\/comments?post=24277"}],"version-history":[{"count":0,"href":"https:\/\/noticiasveracruz.com\/index.php\/wp-json\/wp\/v2\/posts\/24277\/revisions"}],"wp:featuredmedia":[{"embeddable":true,"href":"https:\/\/noticiasveracruz.com\/index.php\/wp-json\/wp\/v2\/media\/24278"}],"wp:attachment":[{"href":"https:\/\/noticiasveracruz.com\/index.php\/wp-json\/wp\/v2\/media?parent=24277"}],"wp:term":[{"taxonomy":"category","embeddable":true,"href":"https:\/\/noticiasveracruz.com\/index.php\/wp-json\/wp\/v2\/categories?post=24277"},{"taxonomy":"post_tag","embeddable":true,"href":"https:\/\/noticiasveracruz.com\/index.php\/wp-json\/wp\/v2\/tags?post=24277"}],"curies":[{"name":"wp","href":"https:\/\/api.w.org\/{rel}","templated":true}]}}