{"id":24271,"date":"2024-01-23T08:34:38","date_gmt":"2024-01-23T14:34:38","guid":{"rendered":"https:\/\/noticiasveracruz.com\/?p=24271"},"modified":"2024-01-23T08:34:38","modified_gmt":"2024-01-23T14:34:38","slug":"senala-fnls-corrupcion-en-caso-higinio-bustos","status":"publish","type":"post","link":"https:\/\/noticiasveracruz.com\/index.php\/2024\/01\/23\/senala-fnls-corrupcion-en-caso-higinio-bustos\/","title":{"rendered":"Se\u00f1ala FNLS corrupci\u00f3n en caso Higinio Bustos"},"content":{"rendered":"<p><span style=\"font-size: 14pt;\">Xalapa.- Los integrantes del Frente Nacional de Lucha por el Socialismo (FNLS), quienes mantienen un plant\u00f3n sobre Plaza Sebasti\u00e1n Lerdo de Tejada, denunciaron presunta corrupci\u00f3n en el caso que enfrenta su compa\u00f1ero Higinio Bustos Navarro tras su detenci\u00f3n el 3 de mayo de 2021.<\/span><\/p>\n<p><span style=\"font-size: 14pt;\">Los quejosos hicieron un pronunciamiento nuevamente frente a Palacio de Gobierno para exigir la liberaci\u00f3n del activista y defensor del territorio en el estado de Veracruz.<\/span><\/p>\n<p><span style=\"font-size: 14pt;\">Con micr\u00f3fono en mano y equipo de sonido, los manifestantes se\u00f1alaron de presunta corrupci\u00f3n a la jueza Ana Mar\u00eda de la Barrera Jim\u00e9nez, quien decidi\u00f3 imponerle al activista una condena de 20 a\u00f1os de prisi\u00f3n.<\/span><\/p>\n<p><span style=\"font-size: 14pt;\">\u201cLa jueza Ana Mar\u00eda de la Barrera Jim\u00e9nez decidi\u00f3 condenarlo por 20 a\u00f1os de prisi\u00f3n, si esto es real, confirma la continuidad de esta pol\u00edtica represiva del gobierno de la 4T contra el FNLS\u201d, expresaron.<\/span><\/p>\n<p><span style=\"font-size: 14pt;\">Higinio Bustos fue detenido el 3 de mayo de 2021 en la comunidad de Terrerillos, municipio de Chicontepec, en la zona norte del estado de Veracruz.<\/span><\/p>\n<p><span style=\"font-size: 14pt;\">Lo acusan de estar involucrado en el asesinato de un militar, en hechos ocurridos en el a\u00f1o 2008; sin embargo, sus familiares y compa\u00f1eros activistas han sostenido que es inocente y que no hay elementos para encarcelarlo.<\/span><\/p>\n<p><span style=\"font-size: 14pt;\">En febrero pr\u00f3ximo, los integrantes del FNLS cumplir\u00e1n un a\u00f1o en el plant\u00f3n que se encuentra frente al Palacio de Gobierno, en la zona centro de la ciudad de Xalapa.<\/span><\/p>\n","protected":false},"excerpt":{"rendered":"<p>Xalapa.- Los integrantes del Frente Nacional de Lucha por el Socialismo (FNLS), quienes mantienen un plant\u00f3n sobre Plaza Sebasti\u00e1n Lerdo<\/p>\n","protected":false},"author":4,"featured_media":24272,"comment_status":"closed","ping_status":"closed","sticky":false,"template":"","format":"standard","meta":{"colormag_page_container_layout":"default_layout","colormag_page_sidebar_layout":"default_layout","_jetpack_memberships_contains_paid_content":false,"footnotes":"","jetpack_publicize_message":"","jetpack_publicize_feature_enabled":true,"jetpack_social_post_already_shared":true,"jetpack_social_options":{"image_generator_settings":{"template":"highway","default_image_id":0,"font":"","enabled":false},"version":2}},"categories":[145,356],"tags":[],"class_list":["post-24271","post","type-post","status-publish","format-standard","has-post-thumbnail","hentry","category-estados","category-veracruz"],"jetpack_publicize_connections":[],"jetpack_featured_media_url":"https:\/\/noticiasveracruz.com\/wp-content\/uploads\/2024\/01\/8b-5.jpg","jetpack_sharing_enabled":true,"publishpress_future_action":{"enabled":false,"date":"2026-05-06 11:13:48","action":"change-status","newStatus":"draft","terms":[],"taxonomy":"category","extraData":[]},"publishpress_future_workflow_manual_trigger":{"enabledWorkflows":[]},"_links":{"self":[{"href":"https:\/\/noticiasveracruz.com\/index.php\/wp-json\/wp\/v2\/posts\/24271","targetHints":{"allow":["GET"]}}],"collection":[{"href":"https:\/\/noticiasveracruz.com\/index.php\/wp-json\/wp\/v2\/posts"}],"about":[{"href":"https:\/\/noticiasveracruz.com\/index.php\/wp-json\/wp\/v2\/types\/post"}],"author":[{"embeddable":true,"href":"https:\/\/noticiasveracruz.com\/index.php\/wp-json\/wp\/v2\/users\/4"}],"replies":[{"embeddable":true,"href":"https:\/\/noticiasveracruz.com\/index.php\/wp-json\/wp\/v2\/comments?post=24271"}],"version-history":[{"count":0,"href":"https:\/\/noticiasveracruz.com\/index.php\/wp-json\/wp\/v2\/posts\/24271\/revisions"}],"wp:featuredmedia":[{"embeddable":true,"href":"https:\/\/noticiasveracruz.com\/index.php\/wp-json\/wp\/v2\/media\/24272"}],"wp:attachment":[{"href":"https:\/\/noticiasveracruz.com\/index.php\/wp-json\/wp\/v2\/media?parent=24271"}],"wp:term":[{"taxonomy":"category","embeddable":true,"href":"https:\/\/noticiasveracruz.com\/index.php\/wp-json\/wp\/v2\/categories?post=24271"},{"taxonomy":"post_tag","embeddable":true,"href":"https:\/\/noticiasveracruz.com\/index.php\/wp-json\/wp\/v2\/tags?post=24271"}],"curies":[{"name":"wp","href":"https:\/\/api.w.org\/{rel}","templated":true}]}}