{"id":24268,"date":"2024-01-23T08:32:42","date_gmt":"2024-01-23T14:32:42","guid":{"rendered":"https:\/\/noticiasveracruz.com\/?p=24268"},"modified":"2024-01-23T08:33:09","modified_gmt":"2024-01-23T14:33:09","slug":"conmemoran-dia-internacional-de-la-educacion","status":"publish","type":"post","link":"https:\/\/noticiasveracruz.com\/index.php\/2024\/01\/23\/conmemoran-dia-internacional-de-la-educacion\/","title":{"rendered":"Conmemoran D\u00eda Internacional de la Educaci\u00f3n"},"content":{"rendered":"<p><span style=\"font-size: 14pt;\">Tuxpan.- En el marco del D\u00eda Internacional de la Educaci\u00f3n, a celebrarse el pr\u00f3ximo 24 de enero, el gobierno de Tuxpan llev\u00f3 a cabo el Lunes C\u00edvico, con la participaron de estudiantes de la Escuela Primaria \u201cEmiliano Zapata\u201d.<\/span><\/p>\n<p><span style=\"font-size: 14pt;\">El acto estuvo encabezado por el Prof. Jorge Arturo Garc\u00eda Robles, director de Educaci\u00f3n, en representaci\u00f3n del alcalde Jos\u00e9 Manuel Pozos Castro; el regidor Juan G\u00f3mez Garc\u00eda; el Prof. On\u00e9simo P\u00e9rez Ramos, delegado regional de la SEV en Tuxpan; el Mtro. Juan Gabriel Mendoza S\u00e1nchez, director de la escuela Emiliano Zapata.<\/span><\/p>\n<p><span style=\"font-size: 14pt;\">La Lic. Lorena Velazco Mart\u00ednez, de la Supervisi\u00f3n de Zona de Educaci\u00f3n Primaria Federalizada; la Lic. Yeni Elizabeth D\u00edaz Quevedo, coordinadora de zona Tuxpan del Instituto Veracruzano para la Educaci\u00f3n de los Adultos; y el Lic. Bibiano Herrera G\u00f3mez, t\u00e9cnico docente del IVEA.<\/span><\/p>\n<p><span style=\"font-size: 14pt;\">Las ni\u00f1as y los ni\u00f1os Karla Yamileth, Ariel de Jes\u00fas, Victoria Claudette, Amy Teresa, Aar\u00f3n Juli\u00e1n, Isis Geraldine y Jos\u00e9 \u00c1ngel, expusieron las efem\u00e9rides de esta semana; y la alumna Ayl\u00e9n Tadeo present\u00f3 una rese\u00f1a acerca del D\u00eda Internacional de la Educaci\u00f3n.<\/span><\/p>\n<p><span style=\"font-size: 14pt;\">En el evento tambi\u00e9n estuvo presente personal docente, administrativo y padres de familia de los alumnos de la escuela participante, coordinadores y directores de las diversas \u00e1reas del Ayuntamiento; as\u00ed como elementos de la Polic\u00eda Municipal.<\/span><\/p>\n","protected":false},"excerpt":{"rendered":"<p>Tuxpan.- En el marco del D\u00eda Internacional de la Educaci\u00f3n, a celebrarse el pr\u00f3ximo 24 de enero, el gobierno de<\/p>\n","protected":false},"author":4,"featured_media":24269,"comment_status":"closed","ping_status":"closed","sticky":false,"template":"","format":"standard","meta":{"colormag_page_container_layout":"default_layout","colormag_page_sidebar_layout":"default_layout","_jetpack_memberships_contains_paid_content":false,"footnotes":"","jetpack_publicize_message":"","jetpack_publicize_feature_enabled":true,"jetpack_social_post_already_shared":true,"jetpack_social_options":{"image_generator_settings":{"template":"highway","default_image_id":0,"font":"","enabled":false},"version":2}},"categories":[145,356],"tags":[],"class_list":["post-24268","post","type-post","status-publish","format-standard","has-post-thumbnail","hentry","category-estados","category-veracruz"],"jetpack_publicize_connections":[],"jetpack_featured_media_url":"https:\/\/noticiasveracruz.com\/wp-content\/uploads\/2024\/01\/3a3.jpg","jetpack_sharing_enabled":true,"publishpress_future_action":{"enabled":false,"date":"2026-05-06 11:55:01","action":"change-status","newStatus":"draft","terms":[],"taxonomy":"category","extraData":[]},"publishpress_future_workflow_manual_trigger":{"enabledWorkflows":[]},"_links":{"self":[{"href":"https:\/\/noticiasveracruz.com\/index.php\/wp-json\/wp\/v2\/posts\/24268","targetHints":{"allow":["GET"]}}],"collection":[{"href":"https:\/\/noticiasveracruz.com\/index.php\/wp-json\/wp\/v2\/posts"}],"about":[{"href":"https:\/\/noticiasveracruz.com\/index.php\/wp-json\/wp\/v2\/types\/post"}],"author":[{"embeddable":true,"href":"https:\/\/noticiasveracruz.com\/index.php\/wp-json\/wp\/v2\/users\/4"}],"replies":[{"embeddable":true,"href":"https:\/\/noticiasveracruz.com\/index.php\/wp-json\/wp\/v2\/comments?post=24268"}],"version-history":[{"count":0,"href":"https:\/\/noticiasveracruz.com\/index.php\/wp-json\/wp\/v2\/posts\/24268\/revisions"}],"wp:featuredmedia":[{"embeddable":true,"href":"https:\/\/noticiasveracruz.com\/index.php\/wp-json\/wp\/v2\/media\/24269"}],"wp:attachment":[{"href":"https:\/\/noticiasveracruz.com\/index.php\/wp-json\/wp\/v2\/media?parent=24268"}],"wp:term":[{"taxonomy":"category","embeddable":true,"href":"https:\/\/noticiasveracruz.com\/index.php\/wp-json\/wp\/v2\/categories?post=24268"},{"taxonomy":"post_tag","embeddable":true,"href":"https:\/\/noticiasveracruz.com\/index.php\/wp-json\/wp\/v2\/tags?post=24268"}],"curies":[{"name":"wp","href":"https:\/\/api.w.org\/{rel}","templated":true}]}}