{"id":24261,"date":"2024-01-23T08:27:20","date_gmt":"2024-01-23T14:27:20","guid":{"rendered":"https:\/\/noticiasveracruz.com\/?p=24261"},"modified":"2024-01-23T08:27:20","modified_gmt":"2024-01-23T14:27:20","slug":"contratiempos-en-pago-a-adultos-mayores","status":"publish","type":"post","link":"https:\/\/noticiasveracruz.com\/index.php\/2024\/01\/23\/contratiempos-en-pago-a-adultos-mayores\/","title":{"rendered":"Contratiempos en pago a adultos mayores"},"content":{"rendered":"<p><span style=\"font-size: 14pt;\">Tuxpan.- Este lunes fue un d\u00eda lleno de tr\u00e1mites y cobros para muchos tuxpe\u00f1os, esto debido a que diversas personas se presentaron al Banco Bienestar para cobrar su apoyo, y en esta ocasi\u00f3n les toc\u00f3 a los adultos mayores<\/span><\/p>\n<p><span style=\"font-size: 14pt;\">Desde muy temprano se empezaron a formar para poder realizar ese tr\u00e1mite y aunque la fila no era excesivamente larga en las primeras horas, conforme avanz\u00f3 el d\u00eda fueron llegando m\u00e1s beneficiarios.<\/span><\/p>\n<p><span style=\"font-size: 14pt;\">El tr\u00e1mite llev\u00f3 algo de tiempo, precisamente porque muchas personas ven\u00edan de presentarse de realizar su renovaci\u00f3n de pl\u00e1stico en el INE, adem\u00e1s de que comenz\u00f3 la lluvia y no todos pod\u00edan exponerse, pese a que intentaban resguardarse, por suerte, los chubascos no duraron tanto tiempo.<\/span><\/p>\n<p><img loading=\"lazy\" decoding=\"async\" class=\"alignnone size-medium wp-image-24262\" src=\"http:\/\/noticiasveracruz.com\/wp-content\/uploads\/2024\/01\/4c-4-219x300.jpg\" alt=\"\" width=\"219\" height=\"300\" srcset=\"https:\/\/noticiasveracruz.com\/wp-content\/uploads\/2024\/01\/4c-4-219x300.jpg 219w, https:\/\/noticiasveracruz.com\/wp-content\/uploads\/2024\/01\/4c-4-749x1024.jpg 749w, https:\/\/noticiasveracruz.com\/wp-content\/uploads\/2024\/01\/4c-4-768x1050.jpg 768w, https:\/\/noticiasveracruz.com\/wp-content\/uploads\/2024\/01\/4c-4-1123x1536.jpg 1123w, https:\/\/noticiasveracruz.com\/wp-content\/uploads\/2024\/01\/4c-4.jpg 1170w\" sizes=\"auto, (max-width: 219px) 100vw, 219px\" \/><\/p>\n<p><span style=\"font-size: 14pt;\">Sumado a esto, solamente pod\u00edan ser atendidos por ventanilla, ya que, el cajero autom\u00e1tico ubicado a un costado del banco se encontraba fuera de servicio.<\/span><\/p>\n<p><span style=\"font-size: 14pt;\">Por lo anterior se le invita a la poblaci\u00f3n a acudir a realizar su cobro en el d\u00eda que le corresponde, y no dejar para despu\u00e9s cuando ya les corresponde a otros.<\/span><\/p>\n","protected":false},"excerpt":{"rendered":"<p>Tuxpan.- Este lunes fue un d\u00eda lleno de tr\u00e1mites y cobros para muchos tuxpe\u00f1os, esto debido a que diversas personas<\/p>\n","protected":false},"author":4,"featured_media":24263,"comment_status":"closed","ping_status":"closed","sticky":false,"template":"","format":"standard","meta":{"colormag_page_container_layout":"default_layout","colormag_page_sidebar_layout":"default_layout","_jetpack_memberships_contains_paid_content":false,"footnotes":"","jetpack_publicize_message":"","jetpack_publicize_feature_enabled":true,"jetpack_social_post_already_shared":true,"jetpack_social_options":{"image_generator_settings":{"template":"highway","default_image_id":0,"font":"","enabled":false},"version":2}},"categories":[145,356],"tags":[],"class_list":["post-24261","post","type-post","status-publish","format-standard","has-post-thumbnail","hentry","category-estados","category-veracruz"],"jetpack_publicize_connections":[],"jetpack_featured_media_url":"https:\/\/noticiasveracruz.com\/wp-content\/uploads\/2024\/01\/4c1-1.jpg","jetpack_sharing_enabled":true,"publishpress_future_action":{"enabled":false,"date":"2026-05-06 13:27:20","action":"change-status","newStatus":"draft","terms":[],"taxonomy":"category","extraData":[]},"publishpress_future_workflow_manual_trigger":{"enabledWorkflows":[]},"_links":{"self":[{"href":"https:\/\/noticiasveracruz.com\/index.php\/wp-json\/wp\/v2\/posts\/24261","targetHints":{"allow":["GET"]}}],"collection":[{"href":"https:\/\/noticiasveracruz.com\/index.php\/wp-json\/wp\/v2\/posts"}],"about":[{"href":"https:\/\/noticiasveracruz.com\/index.php\/wp-json\/wp\/v2\/types\/post"}],"author":[{"embeddable":true,"href":"https:\/\/noticiasveracruz.com\/index.php\/wp-json\/wp\/v2\/users\/4"}],"replies":[{"embeddable":true,"href":"https:\/\/noticiasveracruz.com\/index.php\/wp-json\/wp\/v2\/comments?post=24261"}],"version-history":[{"count":0,"href":"https:\/\/noticiasveracruz.com\/index.php\/wp-json\/wp\/v2\/posts\/24261\/revisions"}],"wp:featuredmedia":[{"embeddable":true,"href":"https:\/\/noticiasveracruz.com\/index.php\/wp-json\/wp\/v2\/media\/24263"}],"wp:attachment":[{"href":"https:\/\/noticiasveracruz.com\/index.php\/wp-json\/wp\/v2\/media?parent=24261"}],"wp:term":[{"taxonomy":"category","embeddable":true,"href":"https:\/\/noticiasveracruz.com\/index.php\/wp-json\/wp\/v2\/categories?post=24261"},{"taxonomy":"post_tag","embeddable":true,"href":"https:\/\/noticiasveracruz.com\/index.php\/wp-json\/wp\/v2\/tags?post=24261"}],"curies":[{"name":"wp","href":"https:\/\/api.w.org\/{rel}","templated":true}]}}