{"id":24204,"date":"2024-01-22T08:14:07","date_gmt":"2024-01-22T14:14:07","guid":{"rendered":"https:\/\/noticiasveracruz.com\/?p=24204"},"modified":"2024-01-22T08:14:07","modified_gmt":"2024-01-22T14:14:07","slug":"abarrotan-modulos-de-ine","status":"publish","type":"post","link":"https:\/\/noticiasveracruz.com\/index.php\/2024\/01\/22\/abarrotan-modulos-de-ine\/","title":{"rendered":"Abarrotan m\u00f3dulos de INE"},"content":{"rendered":"<p><span style=\"font-size: 14pt;\">Xalapa.- Los m\u00f3dulos de atenci\u00f3n del Instituto Nacional Electoral (INE) se encuentran llenos de ciudadanos que buscan realizar sus tramite de correcci\u00f3n de datos, cambio de domicilio o vigencia de su credencial de electoral, pues la fecha l\u00edmite para realizarlos es este lunes.<\/span><\/p>\n<p><span style=\"font-size: 14pt;\">A pesar de la lluvia, fr\u00edo y neblina, cientos de personas hacen fila en los m\u00f3dulos para lograr hacer su cambio de credencial y estar en posibilidad de votar el pr\u00f3ximo 2 de junio.<\/span><\/p>\n<p><span style=\"font-size: 14pt;\">Las autoridades electorales informaron que este domingo los m\u00f3dulos permanecieron abiertos hasta las 20 horas, es decir, 8 de la noche.<\/span><\/p>\n<p><span style=\"font-size: 14pt;\">Aun con la lluvia, hay personas con todo y paraguas en las afueras del m\u00f3dulo de la avenida \u00c1vila Camacho para actualizar su identificaci\u00f3n y poder participar en los pr\u00f3ximos comicios.<\/span><\/p>\n<p><span style=\"font-size: 14pt;\">Vence tambi\u00e9n la inscripci\u00f3n de aquellos j\u00f3venes que cumplieron 18 a\u00f1os a partir del 1 de septiembre de 2023 y hasta el 2 de junio de este a\u00f1o, a fin de puedan ejercer su derecho al sufragio en las pr\u00f3ximas elecciones.<\/span><\/p>\n<p><span style=\"font-size: 14pt;\">Por su parte, el vocal del Registro Federal de Electores, Sergio Vera Olvera inform\u00f3 que los 31 m\u00f3dulos fijos de atenci\u00f3n ciudadana del Instituto Nacional Electoral (INE) en la entidad, extender\u00e1n su horario de atenci\u00f3n desde las 8:00 y hasta a las 24:00 horas.<\/span><\/p>\n<p><span style=\"font-size: 14pt;\">Las y los ciudadanos que requieran solicitar la reposici\u00f3n de su credencial por robo o extrav\u00edo tienen hasta el 8 de febrero y, para recoger las credenciales tramitadas el plazo vence el 14 de marzo.<\/span><\/p>\n<p><span style=\"font-size: 14pt;\">Recuerde que deber\u00e1 presentar acta de nacimiento, identificaci\u00f3n oficial y comprobante de domicilio, en original, sin tachaduras ni enmendaduras.<\/span><\/p>\n","protected":false},"excerpt":{"rendered":"<p>Xalapa.- Los m\u00f3dulos de atenci\u00f3n del Instituto Nacional Electoral (INE) se encuentran llenos de ciudadanos que buscan realizar sus tramite<\/p>\n","protected":false},"author":4,"featured_media":24205,"comment_status":"closed","ping_status":"closed","sticky":false,"template":"","format":"standard","meta":{"colormag_page_container_layout":"default_layout","colormag_page_sidebar_layout":"default_layout","_jetpack_memberships_contains_paid_content":false,"footnotes":"","jetpack_publicize_message":"","jetpack_publicize_feature_enabled":true,"jetpack_social_post_already_shared":true,"jetpack_social_options":{"image_generator_settings":{"template":"highway","default_image_id":0,"font":"","enabled":false},"version":2}},"categories":[145,356],"tags":[],"class_list":["post-24204","post","type-post","status-publish","format-standard","has-post-thumbnail","hentry","category-estados","category-veracruz"],"jetpack_publicize_connections":[],"jetpack_featured_media_url":"https:\/\/noticiasveracruz.com\/wp-content\/uploads\/2024\/01\/9c-3.jpg","jetpack_sharing_enabled":true,"publishpress_future_action":{"enabled":false,"date":"2026-05-06 13:40:39","action":"change-status","newStatus":"draft","terms":[],"taxonomy":"category","extraData":[]},"publishpress_future_workflow_manual_trigger":{"enabledWorkflows":[]},"_links":{"self":[{"href":"https:\/\/noticiasveracruz.com\/index.php\/wp-json\/wp\/v2\/posts\/24204","targetHints":{"allow":["GET"]}}],"collection":[{"href":"https:\/\/noticiasveracruz.com\/index.php\/wp-json\/wp\/v2\/posts"}],"about":[{"href":"https:\/\/noticiasveracruz.com\/index.php\/wp-json\/wp\/v2\/types\/post"}],"author":[{"embeddable":true,"href":"https:\/\/noticiasveracruz.com\/index.php\/wp-json\/wp\/v2\/users\/4"}],"replies":[{"embeddable":true,"href":"https:\/\/noticiasveracruz.com\/index.php\/wp-json\/wp\/v2\/comments?post=24204"}],"version-history":[{"count":0,"href":"https:\/\/noticiasveracruz.com\/index.php\/wp-json\/wp\/v2\/posts\/24204\/revisions"}],"wp:featuredmedia":[{"embeddable":true,"href":"https:\/\/noticiasveracruz.com\/index.php\/wp-json\/wp\/v2\/media\/24205"}],"wp:attachment":[{"href":"https:\/\/noticiasveracruz.com\/index.php\/wp-json\/wp\/v2\/media?parent=24204"}],"wp:term":[{"taxonomy":"category","embeddable":true,"href":"https:\/\/noticiasveracruz.com\/index.php\/wp-json\/wp\/v2\/categories?post=24204"},{"taxonomy":"post_tag","embeddable":true,"href":"https:\/\/noticiasveracruz.com\/index.php\/wp-json\/wp\/v2\/tags?post=24204"}],"curies":[{"name":"wp","href":"https:\/\/api.w.org\/{rel}","templated":true}]}}