{"id":24194,"date":"2024-01-22T08:07:58","date_gmt":"2024-01-22T14:07:58","guid":{"rendered":"https:\/\/noticiasveracruz.com\/?p=24194"},"modified":"2024-01-22T08:07:58","modified_gmt":"2024-01-22T14:07:58","slug":"exigen-alto-al-abuso-de-la-fuerza-civil","status":"publish","type":"post","link":"https:\/\/noticiasveracruz.com\/index.php\/2024\/01\/22\/exigen-alto-al-abuso-de-la-fuerza-civil\/","title":{"rendered":"Exigen alto al abuso de la Fuerza Civil"},"content":{"rendered":"<p><span style=\"font-size: 14pt;\">Tuxpan.- Tuxpe\u00f1os que han sido intervenidos por elementos de la Fuerza Civil, antes llamada Polic\u00eda del Estado, expresaron su inconformidad por la forma de proceder de los oficiales, pues se\u00f1alan que les hacen revisiones fuera de la ley, violentando derechos humanos y haci\u00e9ndoles sentir como si fueran delincuentes.<\/span><\/p>\n<p><span style=\"font-size: 14pt;\">Narr\u00f3 una de las personas \u00abFui a cenar con un amigo, y de regreso se nos atraves\u00f3 una patrulla verde de la estatal, y abriendo sus puertas de lado y lado, nos pidieron que nos baj\u00e1ramos de la moto, y con el fr\u00edo que hac\u00eda nos hicieron que nos quit\u00e1ramos las chamarras cascos, y se pusieron a revisar mochila y lo que tra\u00edamos. Primero dec\u00edan que ven\u00edamos tomados, pero les dijimos que nosotros ni tom\u00e1bamos. La verdad nos dio miedo, qu\u00e9 tal si ellos mismos nos sembraban algo para acusarnos. Nunca me pidieron documentos de la moto ni nada, y comenzaron a tomar fotos, afortunadamente todo qued\u00f3 ah\u00ed, pero no entendemos el objetivo se esas acciones\u00bb, se\u00f1al\u00f3.<\/span><\/p>\n<p><img loading=\"lazy\" decoding=\"async\" class=\"alignnone size-medium wp-image-24195\" src=\"http:\/\/noticiasveracruz.com\/wp-content\/uploads\/2024\/01\/5a-7-300x225.jpg\" alt=\"\" width=\"300\" height=\"225\" srcset=\"https:\/\/noticiasveracruz.com\/wp-content\/uploads\/2024\/01\/5a-7-300x225.jpg 300w, https:\/\/noticiasveracruz.com\/wp-content\/uploads\/2024\/01\/5a-7-768x576.jpg 768w, https:\/\/noticiasveracruz.com\/wp-content\/uploads\/2024\/01\/5a-7.jpg 800w\" sizes=\"auto, (max-width: 300px) 100vw, 300px\" \/><\/p>\n<p><span style=\"font-size: 14pt;\">As\u00ed como este caso, tuxpe\u00f1os han se\u00f1alado muchos otros, en donde est\u00e1 a la orden del d\u00eda el abuso de autoridad por parte de dicha corporaci\u00f3n, quienes haciendo uso de s\u00ed uniforme y placa, detienen a motociclistas y automovilistas, sobre todo por la noche, por lo que los ciudadanos ya no se sienten seguros, ni libres de salir.<\/span><\/p>\n<p><span style=\"font-size: 14pt;\">Otro tuxpe\u00f1o que tambi\u00e9n ya pas\u00f3 por una situaci\u00f3n con la Fuerza Civil, dijo que la prevenci\u00f3n es buena, pero que estos elementos detienen y act\u00faan sin motivo, por lo que a\u00f1adi\u00f3 ser\u00eda buena que las autoridades municipales dieran a conocer hasta d\u00f3nde llega la competencia de este tipo de instalaciones, ya que hacen las funciones que tendr\u00edan que desempe\u00f1as los elementos de Tr\u00e1nsito, y se nota que solo lo hacen por sacar dinero a las personas que acorralan.<\/span><\/p>\n<p><span style=\"font-size: 14pt;\">Cabe resaltar que los operativos que se realizan, son en conjunto con diversas instituciones, tales como Polic\u00eda Municipal,\u00a0 Tr\u00e1nsito,\u00a0 Guardia Nacional y la Fuerza Civil,\u00a0 sin embargo diariamente hay quejas contra elementos polic\u00edacos, en especial perteneciente a la estatal.<\/span><\/p>\n<p><span style=\"font-size: 14pt;\">Recientemente fueron los integrantes de bares y cantinas, quienes pidieron el apoyo de las autoridades locales para solicitar una reuni\u00f3n y exigir un alto a los actos arbitrarios de los que estaban siendo objeto por parte de la Fuerza Civil, aunque el abuso de funciones se est\u00e1 dando con toda la poblaci\u00f3n.<\/span><\/p>\n","protected":false},"excerpt":{"rendered":"<p>Tuxpan.- Tuxpe\u00f1os que han sido intervenidos por elementos de la Fuerza Civil, antes llamada Polic\u00eda del Estado, expresaron su inconformidad<\/p>\n","protected":false},"author":4,"featured_media":24196,"comment_status":"closed","ping_status":"closed","sticky":false,"template":"","format":"standard","meta":{"colormag_page_container_layout":"default_layout","colormag_page_sidebar_layout":"default_layout","_jetpack_memberships_contains_paid_content":false,"footnotes":"","jetpack_publicize_message":"","jetpack_publicize_feature_enabled":true,"jetpack_social_post_already_shared":true,"jetpack_social_options":{"image_generator_settings":{"template":"highway","default_image_id":0,"font":"","enabled":false},"version":2}},"categories":[145,356],"tags":[],"class_list":["post-24194","post","type-post","status-publish","format-standard","has-post-thumbnail","hentry","category-estados","category-veracruz"],"jetpack_publicize_connections":[],"jetpack_featured_media_url":"https:\/\/noticiasveracruz.com\/wp-content\/uploads\/2024\/01\/5a1-5.jpg","jetpack_sharing_enabled":true,"publishpress_future_action":{"enabled":false,"date":"2026-05-06 14:18:30","action":"change-status","newStatus":"draft","terms":[],"taxonomy":"category","extraData":[]},"publishpress_future_workflow_manual_trigger":{"enabledWorkflows":[]},"_links":{"self":[{"href":"https:\/\/noticiasveracruz.com\/index.php\/wp-json\/wp\/v2\/posts\/24194","targetHints":{"allow":["GET"]}}],"collection":[{"href":"https:\/\/noticiasveracruz.com\/index.php\/wp-json\/wp\/v2\/posts"}],"about":[{"href":"https:\/\/noticiasveracruz.com\/index.php\/wp-json\/wp\/v2\/types\/post"}],"author":[{"embeddable":true,"href":"https:\/\/noticiasveracruz.com\/index.php\/wp-json\/wp\/v2\/users\/4"}],"replies":[{"embeddable":true,"href":"https:\/\/noticiasveracruz.com\/index.php\/wp-json\/wp\/v2\/comments?post=24194"}],"version-history":[{"count":0,"href":"https:\/\/noticiasveracruz.com\/index.php\/wp-json\/wp\/v2\/posts\/24194\/revisions"}],"wp:featuredmedia":[{"embeddable":true,"href":"https:\/\/noticiasveracruz.com\/index.php\/wp-json\/wp\/v2\/media\/24196"}],"wp:attachment":[{"href":"https:\/\/noticiasveracruz.com\/index.php\/wp-json\/wp\/v2\/media?parent=24194"}],"wp:term":[{"taxonomy":"category","embeddable":true,"href":"https:\/\/noticiasveracruz.com\/index.php\/wp-json\/wp\/v2\/categories?post=24194"},{"taxonomy":"post_tag","embeddable":true,"href":"https:\/\/noticiasveracruz.com\/index.php\/wp-json\/wp\/v2\/tags?post=24194"}],"curies":[{"name":"wp","href":"https:\/\/api.w.org\/{rel}","templated":true}]}}