{"id":24191,"date":"2024-01-22T08:05:49","date_gmt":"2024-01-22T14:05:49","guid":{"rendered":"https:\/\/noticiasveracruz.com\/?p=24191"},"modified":"2024-01-22T08:05:49","modified_gmt":"2024-01-22T14:05:49","slug":"preparan-el-premio-municipal-de-la-juventud","status":"publish","type":"post","link":"https:\/\/noticiasveracruz.com\/index.php\/2024\/01\/22\/preparan-el-premio-municipal-de-la-juventud\/","title":{"rendered":"Preparan el Premio Municipal de la Juventud"},"content":{"rendered":"<p><span style=\"font-size: 14pt;\">Tuxpan.- La direcci\u00f3n de recreaci\u00f3n y juventud municipal ha beneficiado a m\u00e1s de treinta j\u00f3venes emprendedores, a trav\u00e9s de la exposiciones y ferias que se van realizando en la ciudad, con el fin de dar a conocer los productos y servicios que ofrecen, as\u00ed lo se\u00f1al\u00f3 Karla Mart\u00ednez, titular del \u00e1rea.<\/span><\/p>\n<p><span style=\"font-size: 14pt;\">Para este 2024 preparan ya la entrega del premio municipal de la juventud, cuya convocatoria ya est\u00e1 abierta y cierra el pr\u00f3ximo mes de marzo, con el objetivo de entregar el premio durante el mes de abril, por lo que quienes deseen nominar a los emprendedores, pueden acudir a las oficinas de la direcci\u00f3n en cuesti\u00f3n para conocer las bases y requisitos.<\/span><\/p>\n<p><span style=\"font-size: 14pt;\">De igual forma comenzar\u00e1n a trabajar en la realizaci\u00f3n de la siguiente feria para exposici\u00f3n de los j\u00f3venes emprendedores, y as\u00ed cumplir con la meta de que m\u00e1s tuxpe\u00f1os conozcan los productos y servicios que se ofrecen, y que por falta de promoci\u00f3n y publicidad est\u00e1n pasando desapercibidos por la poblaci\u00f3n, aun cuando la mayor\u00eda son de gran calidad e ingenio.<\/span><\/p>\n<p><span style=\"font-size: 14pt;\">En su momento la direcci\u00f3n de recreaci\u00f3n y juventud trabaj\u00f3 de la mano con la direcci\u00f3n de Desarrollo Econ\u00f3mico, para que a los emprendedores se les apoyara con la difusi\u00f3n de su marca, el registro y el logotipo, as\u00ed como el tr\u00e1mite de algunos apoyos provenientes de programas estatales y federales, por lo que este a\u00f1o se buscar\u00e1 un apoyo similar o mejor para los j\u00f3venes del municipio.<\/span><\/p>\n<p><span style=\"font-size: 14pt;\">Karla Mart\u00ednez, destac\u00f3 tambi\u00e9n se seguir\u00e1n programando cursos y talleres como el de elaboraci\u00f3n de velas artesanales, belleza y reposter\u00eda, para todos los j\u00f3venes que quieran aprender y en un futuro cercano emprender alg\u00fan negocio, que les permita generar recursos y aspirar a tener una peque\u00f1a empresa\u00a0 de servicios para la poblaci\u00f3n no s\u00f3lo de Tuxpan, sino de lugares aleda\u00f1os hasta donde se pueda difundir su trabajo.<\/span><\/p>\n","protected":false},"excerpt":{"rendered":"<p>Tuxpan.- La direcci\u00f3n de recreaci\u00f3n y juventud municipal ha beneficiado a m\u00e1s de treinta j\u00f3venes emprendedores, a trav\u00e9s de la<\/p>\n","protected":false},"author":4,"featured_media":24192,"comment_status":"closed","ping_status":"closed","sticky":false,"template":"","format":"standard","meta":{"colormag_page_container_layout":"default_layout","colormag_page_sidebar_layout":"default_layout","_jetpack_memberships_contains_paid_content":false,"footnotes":"","jetpack_publicize_message":"","jetpack_publicize_feature_enabled":true,"jetpack_social_post_already_shared":true,"jetpack_social_options":{"image_generator_settings":{"template":"highway","default_image_id":0,"font":"","enabled":false},"version":2}},"categories":[145,356],"tags":[],"class_list":["post-24191","post","type-post","status-publish","format-standard","has-post-thumbnail","hentry","category-estados","category-veracruz"],"jetpack_publicize_connections":[],"jetpack_featured_media_url":"https:\/\/noticiasveracruz.com\/wp-content\/uploads\/2024\/01\/3a-4.jpg","jetpack_sharing_enabled":true,"publishpress_future_action":{"enabled":false,"date":"2026-05-06 15:00:22","action":"change-status","newStatus":"draft","terms":[],"taxonomy":"category","extraData":[]},"publishpress_future_workflow_manual_trigger":{"enabledWorkflows":[]},"_links":{"self":[{"href":"https:\/\/noticiasveracruz.com\/index.php\/wp-json\/wp\/v2\/posts\/24191","targetHints":{"allow":["GET"]}}],"collection":[{"href":"https:\/\/noticiasveracruz.com\/index.php\/wp-json\/wp\/v2\/posts"}],"about":[{"href":"https:\/\/noticiasveracruz.com\/index.php\/wp-json\/wp\/v2\/types\/post"}],"author":[{"embeddable":true,"href":"https:\/\/noticiasveracruz.com\/index.php\/wp-json\/wp\/v2\/users\/4"}],"replies":[{"embeddable":true,"href":"https:\/\/noticiasveracruz.com\/index.php\/wp-json\/wp\/v2\/comments?post=24191"}],"version-history":[{"count":0,"href":"https:\/\/noticiasveracruz.com\/index.php\/wp-json\/wp\/v2\/posts\/24191\/revisions"}],"wp:featuredmedia":[{"embeddable":true,"href":"https:\/\/noticiasveracruz.com\/index.php\/wp-json\/wp\/v2\/media\/24192"}],"wp:attachment":[{"href":"https:\/\/noticiasveracruz.com\/index.php\/wp-json\/wp\/v2\/media?parent=24191"}],"wp:term":[{"taxonomy":"category","embeddable":true,"href":"https:\/\/noticiasveracruz.com\/index.php\/wp-json\/wp\/v2\/categories?post=24191"},{"taxonomy":"post_tag","embeddable":true,"href":"https:\/\/noticiasveracruz.com\/index.php\/wp-json\/wp\/v2\/tags?post=24191"}],"curies":[{"name":"wp","href":"https:\/\/api.w.org\/{rel}","templated":true}]}}