{"id":24184,"date":"2024-01-22T00:59:15","date_gmt":"2024-01-22T06:59:15","guid":{"rendered":"https:\/\/noticiasveracruz.com\/?p=24184"},"modified":"2024-01-22T00:59:15","modified_gmt":"2024-01-22T06:59:15","slug":"beltrones-evita-el-naufragio-del-pri","status":"publish","type":"post","link":"https:\/\/noticiasveracruz.com\/index.php\/2024\/01\/22\/beltrones-evita-el-naufragio-del-pri\/","title":{"rendered":"Beltrones evita el naufragio del PRI"},"content":{"rendered":"<p><span style=\"font-size: 18pt; color: #cc99ff;\"><strong>ALMA GRANDE<\/strong><\/span><\/p>\n<p><span style=\"font-size: 18pt; color: #cc99ff;\"><strong>Por \u00c1ngel \u00c1lvaro Pe\u00f1a<\/strong><\/span><\/p>\n<p><span style=\"font-size: 14pt;\"><strong>Cuando el PRI tiene m\u00e1s descalabros, surge la figura de alguien que no s\u00f3lo puede ganar una senadur\u00eda sino hacer resurgir el partido. En m\u00e1s de una ocasi\u00f3n, en los \u00faltimos meses, se coment\u00f3: \u00bfD\u00f3nde est\u00e1n los grandes del PRI?, los que dieron solidez a un proyecto de naci\u00f3n, los que gobernaron por tantos a\u00f1os, casi siempre se refer\u00eda a personajes en los que se encuentra el sonorense Manlio Fabio Beltrones, una leyenda en la pol\u00edtica de M\u00e9xico, una instituci\u00f3n en su partido.<\/strong><\/span><\/p>\n<p><span style=\"font-size: 14pt;\"><strong>El ex gobernador de Sonora, Manlio Fabio Beltrones Rivera, se registr\u00f3 en la sede del PRI como precandidato al Senado de la Rep\u00fablica para participar en el Frente Amplio por M\u00e9xico. Hace 33 a\u00f1os que particip\u00f3 en su \u00faltima contienda electoral, cuando gan\u00f3 la gubernatura de Sonora. No la tiene f\u00e1cil luego del deterioro de su partido por un liderazgo que ha dejado mucho que desear, pero de ganar se convertir\u00eda en una segunda cabeza del tricolor, que puede superar al liderazgo oficial, porque representar\u00eda retomar los principios olvidados de un partido que diluye su fuerza para convertirse en una agencia de colocaciones.<\/strong><\/span><\/p>\n<p><img loading=\"lazy\" decoding=\"async\" class=\"alignnone size-medium wp-image-24185\" src=\"http:\/\/noticiasveracruz.com\/wp-content\/uploads\/2024\/01\/21595-2-17_23_16-300x200.jpg\" alt=\"\" width=\"300\" height=\"200\" srcset=\"https:\/\/noticiasveracruz.com\/wp-content\/uploads\/2024\/01\/21595-2-17_23_16-300x200.jpg 300w, https:\/\/noticiasveracruz.com\/wp-content\/uploads\/2024\/01\/21595-2-17_23_16-1024x683.jpg 1024w, https:\/\/noticiasveracruz.com\/wp-content\/uploads\/2024\/01\/21595-2-17_23_16-768x512.jpg 768w, https:\/\/noticiasveracruz.com\/wp-content\/uploads\/2024\/01\/21595-2-17_23_16-1536x1024.jpg 1536w, https:\/\/noticiasveracruz.com\/wp-content\/uploads\/2024\/01\/21595-2-17_23_16-2048x1366.jpg 2048w\" sizes=\"auto, (max-width: 300px) 100vw, 300px\" \/><\/p>\n<p><span style=\"font-size: 18pt;\"><strong>Beltrones ya presidi\u00f3 el Comit\u00e9 Ejecutivo Nacional del partido; fue senador de la Rep\u00fablica; diputado federal; Subsecretario de Gobierno, Desarrollo Pol\u00edtico y Derechos Humanos de la Secretar\u00eda de Gobernaci\u00f3n y Secretario General de la Confederaci\u00f3n Nacional de Organizaciones Populares. Conoce la pol\u00edtica del pa\u00eds y a pesar de su aparente ausencia, siempre ha estado al pendiente de los cambios que en el pa\u00eds suceden.<\/strong><\/span><\/p>\n<p><span style=\"font-size: 14pt;\"><strong>Pol\u00edtico de tiempo completo, incansable precursor de sus ideas, todav\u00eda est\u00e1 fresca la memoria de cuando organizaba ruedas de prensa los domingos y daba sus puntos de vista sobre la pol\u00edtica, creando en muchas ocasiones, mayor atenci\u00f3n que el propio presidente en turno. Conoce los espacios en los medios, sabe los tiempos pol\u00edticos y es experto en los espacios administrativos.<\/strong><\/span><\/p>\n<p><img loading=\"lazy\" decoding=\"async\" class=\"alignnone size-medium wp-image-24187\" src=\"http:\/\/noticiasveracruz.com\/wp-content\/uploads\/2024\/01\/WhatsApp-Image-2024-01-17-at-3.12.28-PM-300x200.jpeg\" alt=\"\" width=\"300\" height=\"200\" srcset=\"https:\/\/noticiasveracruz.com\/wp-content\/uploads\/2024\/01\/WhatsApp-Image-2024-01-17-at-3.12.28-PM-300x200.jpeg 300w, https:\/\/noticiasveracruz.com\/wp-content\/uploads\/2024\/01\/WhatsApp-Image-2024-01-17-at-3.12.28-PM-1024x683.jpeg 1024w, https:\/\/noticiasveracruz.com\/wp-content\/uploads\/2024\/01\/WhatsApp-Image-2024-01-17-at-3.12.28-PM-768x512.jpeg 768w, https:\/\/noticiasveracruz.com\/wp-content\/uploads\/2024\/01\/WhatsApp-Image-2024-01-17-at-3.12.28-PM-1536x1024.jpeg 1536w, https:\/\/noticiasveracruz.com\/wp-content\/uploads\/2024\/01\/WhatsApp-Image-2024-01-17-at-3.12.28-PM.jpeg 1600w\" sizes=\"auto, (max-width: 300px) 100vw, 300px\" \/><\/p>\n<p><span style=\"font-size: 18pt;\"><strong>Beltrones impuls\u00f3 una reforma para incluir las candidaturas independientes, la consulta popular y la iniciativa ciudadana, as\u00ed como fortalecer los mecanismos de rendici\u00f3n de cuentas y vigilancia en las funciones del Estado, por medio de los contrapesos, adem\u00e1s, el gobierno franc\u00e9s lo reconoci\u00f3 al otorgarle el Grado de Caballero de la Orden Nacional de la Legi\u00f3n de Honor.<\/strong><\/span><\/p>\n<p><span style=\"font-size: 14pt;\"><strong>Es Presidente Honorario de la Fundaci\u00f3n Beatriz Beltrones, asociaci\u00f3n civil que naci\u00f3 en 2004 y busca combatir el c\u00e1ncer c\u00e9rvico uterino y de mama.<\/strong><\/span><\/p>\n<p><span style=\"font-size: 14pt;\"><strong>La figura de Beltrones cubre una necesidad dentro de su partido y fortalecer\u00eda, en general, a una oposici\u00f3n extraviada en sus consignas y ausente de programas que pudieran identificarla y darle vida. M\u00e9xico requiere de una posici\u00f3n fuerte, que fortalezca el sistema de partidos y consolide la democracia. Porque se corre el riesgo que ante un partido en el poder fuerte se tomen decisiones que no representan las necesidades de la mayor\u00eda ni expresan la voz de todos.<\/strong><\/span><\/p>\n<p><img loading=\"lazy\" decoding=\"async\" class=\"alignnone size-medium wp-image-24186\" src=\"http:\/\/noticiasveracruz.com\/wp-content\/uploads\/2024\/01\/f850x638-173382_250871_5050-300x225.jpg\" alt=\"\" width=\"300\" height=\"225\" srcset=\"https:\/\/noticiasveracruz.com\/wp-content\/uploads\/2024\/01\/f850x638-173382_250871_5050-300x225.jpg 300w, https:\/\/noticiasveracruz.com\/wp-content\/uploads\/2024\/01\/f850x638-173382_250871_5050-768x576.jpg 768w, https:\/\/noticiasveracruz.com\/wp-content\/uploads\/2024\/01\/f850x638-173382_250871_5050.jpg 850w\" sizes=\"auto, (max-width: 300px) 100vw, 300px\" \/><\/p>\n<p><span style=\"font-size: 14pt;\"><strong>Observador y testigo de ellos tan trascendentes como el asesinato de Luis Donaldo Colosio, en cuyo escenario mantuvo equilibrios y foment\u00f3 la tranquilidad social.<\/strong><\/span><\/p>\n<p><span style=\"font-size: 18pt;\"><strong>Llama la atenci\u00f3n que, a pesar de su trayectoria, Manlio Fabio Beltrones no va por la v\u00eda plurinominal, grupo que separ\u00f3 el l\u00edder nacional del PRI, para \u00e9l, que va en primer lugar, y sus amigas y amigos. Seguramente la campa\u00f1a a la que se lanza el ex gobernador de Sonora, ser\u00e1 tambi\u00e9n un aprendizaje para los nuevos pol\u00edticos, dentro y fuera del tricolor.<\/strong><\/span><\/p>\n<p><span style=\"font-size: 14pt;\"><strong>Es el mejor momento para abrir espacios a los hombres m\u00e1s s\u00f3lidos del PRI, incluso ser\u00eda recomendable que lo mismo hiciera el PAN, no s\u00f3lo para fortalecer a la oposici\u00f3n en las elecciones del 2 de junio, sino para restaurar la pol\u00edtica que les dio origen a ambos partidos, con la cual crecieron y se desarrollaron. Una forma de hacer p\u00fablico el pensamiento pero tambi\u00e9n de estar atento a la voz de la gente.<\/strong><\/span><\/p>\n<p><span style=\"font-size: 18pt;\"><strong>Manlio Fabio es heredero de la visi\u00f3n pol\u00edtica del veracruzano Fernando Guti\u00e9rrez Barrios, y, del tuxpe\u00f1o, Jes\u00fas Reyes Heroles, figuras que moldearon el pensamiento no s\u00f3lo de un partido sino de la pol\u00edtica mexicana en tiempos en los que las instituciones se fortalecieron y la estructura del poder manten\u00eda una estabilidad social sin enfrentamientos fraternales.<\/strong><\/span><\/p>\n<p><span style=\"font-size: 14pt;\"><strong>Andr\u00e9s Manuel y Manlio Fabio tienen la misma edad, \u00e9ste \u00faltimo le lleva 73 d\u00edas de edad, ambos nacieron en la segunda mitad de 1953. Tienen las mismas escuelas, el origen similar, la formaci\u00f3n priista como base, de tal suerte que entienden cada uno de lo que se trata la pol\u00edtica contempor\u00e1nea que todav\u00eda para muchos es novedosa a pesar de ser tan clara.<\/strong><\/span><\/p>\n<p><span style=\"font-size: 14pt;\"><strong>Dentro y fuera del PRI seguramente le dan la bienvenida a Manlio Fabio, quien sabr\u00e1 ganar su curul en el Senado, y fortalecer la pol\u00edtica de su partido. Sabr\u00e1 gobernar dentro o fuera del poder y armonizar\u00e1 combatiendo y debatiendo las razones de Estado.<\/strong><\/span><\/p>\n<p><span style=\"font-size: 18pt;\"><strong>La llegada de Beltrones refrescar\u00e1 la pol\u00edtica y dar\u00e1 fuerza a un partido que mantiene la nostalgia del poder perdido y la esperanza por recuperarlo.<\/strong><\/span><\/p>\n<p><span style=\"font-size: 14pt;\"><strong>PEGA Y CORRE.- La oposici\u00f3n se fortalece en el Estado de M\u00e9xico para competir unidos por diputaciones locales, federales y senadur\u00eda. Se integran a la coalici\u00f3n contra Morena, ellos son PRI, PAN, PRD y Nueva Alianza, la cual fue registrada ante el Instituto Electoral del Estado de M\u00e9xico\u2026 Esta columna se publica los lunes, mi\u00e9rcoles y viernes.<\/strong><\/span><\/p>\n<p><img loading=\"lazy\" decoding=\"async\" class=\"alignnone wp-image-24171 size-full\" src=\"http:\/\/noticiasveracruz.com\/wp-content\/uploads\/2024\/01\/FIRMA-EDITORIAL-PD-4.jpg\" alt=\"\" width=\"1024\" height=\"125\" srcset=\"https:\/\/noticiasveracruz.com\/wp-content\/uploads\/2024\/01\/FIRMA-EDITORIAL-PD-4.jpg 1024w, https:\/\/noticiasveracruz.com\/wp-content\/uploads\/2024\/01\/FIRMA-EDITORIAL-PD-4-300x37.jpg 300w, https:\/\/noticiasveracruz.com\/wp-content\/uploads\/2024\/01\/FIRMA-EDITORIAL-PD-4-768x94.jpg 768w\" sizes=\"auto, (max-width: 1024px) 100vw, 1024px\" \/><\/p>\n","protected":false},"excerpt":{"rendered":"<p>ALMA GRANDE Por \u00c1ngel \u00c1lvaro Pe\u00f1a Cuando el PRI tiene m\u00e1s descalabros, surge la figura de alguien que no s\u00f3lo<\/p>\n","protected":false},"author":4,"featured_media":18628,"comment_status":"closed","ping_status":"closed","sticky":false,"template":"","format":"standard","meta":{"colormag_page_container_layout":"default_layout","colormag_page_sidebar_layout":"default_layout","_jetpack_memberships_contains_paid_content":false,"footnotes":"","jetpack_publicize_message":"","jetpack_publicize_feature_enabled":true,"jetpack_social_post_already_shared":true,"jetpack_social_options":{"image_generator_settings":{"template":"highway","default_image_id":0,"font":"","enabled":false},"version":2}},"categories":[6],"tags":[],"class_list":["post-24184","post","type-post","status-publish","format-standard","has-post-thumbnail","hentry","category-columnistas"],"jetpack_publicize_connections":[],"jetpack_featured_media_url":"https:\/\/noticiasveracruz.com\/wp-content\/uploads\/2023\/09\/ANGEL-ALVARO-PENA-800x445-1.png","jetpack_sharing_enabled":true,"publishpress_future_action":{"enabled":false,"date":"2026-05-06 15:45:02","action":"change-status","newStatus":"draft","terms":[],"taxonomy":"category","extraData":[]},"publishpress_future_workflow_manual_trigger":{"enabledWorkflows":[]},"_links":{"self":[{"href":"https:\/\/noticiasveracruz.com\/index.php\/wp-json\/wp\/v2\/posts\/24184","targetHints":{"allow":["GET"]}}],"collection":[{"href":"https:\/\/noticiasveracruz.com\/index.php\/wp-json\/wp\/v2\/posts"}],"about":[{"href":"https:\/\/noticiasveracruz.com\/index.php\/wp-json\/wp\/v2\/types\/post"}],"author":[{"embeddable":true,"href":"https:\/\/noticiasveracruz.com\/index.php\/wp-json\/wp\/v2\/users\/4"}],"replies":[{"embeddable":true,"href":"https:\/\/noticiasveracruz.com\/index.php\/wp-json\/wp\/v2\/comments?post=24184"}],"version-history":[{"count":0,"href":"https:\/\/noticiasveracruz.com\/index.php\/wp-json\/wp\/v2\/posts\/24184\/revisions"}],"wp:featuredmedia":[{"embeddable":true,"href":"https:\/\/noticiasveracruz.com\/index.php\/wp-json\/wp\/v2\/media\/18628"}],"wp:attachment":[{"href":"https:\/\/noticiasveracruz.com\/index.php\/wp-json\/wp\/v2\/media?parent=24184"}],"wp:term":[{"taxonomy":"category","embeddable":true,"href":"https:\/\/noticiasveracruz.com\/index.php\/wp-json\/wp\/v2\/categories?post=24184"},{"taxonomy":"post_tag","embeddable":true,"href":"https:\/\/noticiasveracruz.com\/index.php\/wp-json\/wp\/v2\/tags?post=24184"}],"curies":[{"name":"wp","href":"https:\/\/api.w.org\/{rel}","templated":true}]}}