{"id":24179,"date":"2024-01-22T00:51:27","date_gmt":"2024-01-22T06:51:27","guid":{"rendered":"https:\/\/noticiasveracruz.com\/?p=24179"},"modified":"2024-01-22T00:51:27","modified_gmt":"2024-01-22T06:51:27","slug":"nahle-desconoce-veracruz","status":"publish","type":"post","link":"https:\/\/noticiasveracruz.com\/index.php\/2024\/01\/22\/nahle-desconoce-veracruz\/","title":{"rendered":"Nahle desconoce Veracruz"},"content":{"rendered":"<p><span style=\"font-size: 14pt;\"><strong>La campa\u00f1a ostentosa de la candidata zacatecana llevar\u00e1 al triunfo al experimentado y eficiente Pepe Yunes<\/strong><\/span><\/p>\n<p><span style=\"font-size: 14pt;\"><strong>Por \u00c1ngel \u00c1lvaro Pe\u00f1a<\/strong><\/span><\/p>\n<p><span style=\"font-size: 14pt;\">Ahora s\u00ed Roc\u00edo Nahle ech\u00f3 la casa por la ventana, los excesos en su campa\u00f1a en busca de la gubernatura de Veracruz tuvieron su expresi\u00f3n m\u00e1s clara en el evento realizado en Poza Rica, donde muchos de sus simpatizantes vieron con desencanto los lujos y privilegios que la zacatecana tiene para realizar su trabajo.<\/span><\/p>\n<p><span style=\"font-size: 14pt;\">Los veh\u00edculos utilizados en su evento del 17 de enero en Poza Roca fueron esc\u00e1ndalo, superan cada uno el mill\u00f3n de pesos y en el que viaja la ex secretaria de Energ\u00eda supera los dos millones de pesos, echando por tierra la austeridad republicana prometida y anunciada en el gobierno de la Cuarta Transformaci\u00f3n.<\/span><\/p>\n<p><span style=\"font-size: 14pt;\">Este tipo de veh\u00edculos aleja a la poblaci\u00f3n de sus candidatos, sin embargo, para personas como Nahle este tipo de excesos son necesarios para cubrir un evento donde se convoca a crear simpat\u00edas para un movimiento que dice que primero son los pobres.<\/span><\/p>\n<p><span style=\"font-size: 14pt;\">La ostentosa campa\u00f1a de Roc\u00edo Nahle, contrasta con la austera forma de hacer pol\u00edtica de un hombre experimentado, que conoce el estado, no como la ex secretaria que dice que Veracruz tiene 200 o 202 municipios. Lo cual quiere decir que todav\u00eda no conoce bien la entidad.<\/span><\/p>\n<p><span style=\"font-size: 14pt;\">Por otra parte, el Organismo P\u00fablico Local Electoral de Veracruz orden\u00f3 al gobernador Cuitl\u00e1huac Garc\u00eda Jim\u00e9nez eliminar de sus redes sociales el video que grab\u00f3 en noviembre de 2023 en el edificio de gobierno \u201cCasa Veracruz\u201d junto con la precandidata de Morena a la gubernatura, Roc\u00edo Nahle Garc\u00eda, en el cual la anunciaba como ganadora del proceso interno de su partido.<\/span><\/p>\n<p><span style=\"font-size: 14pt;\">Los problemas que enfrenta Roc\u00edo Nahle en sus campa\u00f1as crecen mientras se fortalece su contrincante, quien ha tenido varios cargos por Veracruz y ha sido un experimentado gestor para llevar recursos y obras a los espacios donde le ha tocado representar.<\/span><\/p>\n<p><img loading=\"lazy\" decoding=\"async\" class=\"alignnone size-medium wp-image-24180\" src=\"http:\/\/noticiasveracruz.com\/wp-content\/uploads\/2024\/01\/616744_ex-1-300x234.jpg\" alt=\"\" width=\"300\" height=\"234\" srcset=\"https:\/\/noticiasveracruz.com\/wp-content\/uploads\/2024\/01\/616744_ex-1-300x234.jpg 300w, https:\/\/noticiasveracruz.com\/wp-content\/uploads\/2024\/01\/616744_ex-1.jpg 700w\" sizes=\"auto, (max-width: 300px) 100vw, 300px\" \/><\/p>\n<p><span style=\"font-size: 14pt;\">En ese evento poco contribuy\u00f3 a la claridad del evento el presidente municipal de Poza Rica, Fernando Remes, quien no repar\u00f3 en gasto con cargo a los ciudadanos del lugar y brind\u00f3 recursos materiales, econ\u00f3micos y humanos para la realizaci\u00f3n de este acto. Incluso, algunas escuelas dejaron de impartir cases para dar lugar a la elaboraci\u00f3n de bebidas y comidas a los asistentes. Posteriormente, los ni\u00f1os fueron acarreados al evento para mostrar que hab\u00eda m\u00e1s gente.<\/span><\/p>\n<p><span style=\"font-size: 14pt;\">Remes demostr\u00f3 que su sola presencia incomoda a los habitantes de Poza Rica, porque desde que fue nombrado lo abuchearon, a grado tal que no se detuvo ante la prensa que lo acosaba y pr\u00e1cticamente sali\u00f3 huyendo.<\/span><\/p>\n<p><img loading=\"lazy\" decoding=\"async\" class=\"alignnone size-medium wp-image-24182\" src=\"http:\/\/noticiasveracruz.com\/wp-content\/uploads\/2024\/01\/WhatsApp-Image-2024-01-11-at-3.32.05-PM-300x224.jpeg\" alt=\"\" width=\"300\" height=\"224\" srcset=\"https:\/\/noticiasveracruz.com\/wp-content\/uploads\/2024\/01\/WhatsApp-Image-2024-01-11-at-3.32.05-PM-300x224.jpeg 300w, https:\/\/noticiasveracruz.com\/wp-content\/uploads\/2024\/01\/WhatsApp-Image-2024-01-11-at-3.32.05-PM-1024x765.jpeg 1024w, https:\/\/noticiasveracruz.com\/wp-content\/uploads\/2024\/01\/WhatsApp-Image-2024-01-11-at-3.32.05-PM-768x574.jpeg 768w, https:\/\/noticiasveracruz.com\/wp-content\/uploads\/2024\/01\/WhatsApp-Image-2024-01-11-at-3.32.05-PM.jpeg 1108w\" sizes=\"auto, (max-width: 300px) 100vw, 300px\" \/><\/p>\n<p><span style=\"font-size: 14pt;\">Ante esta situaci\u00f3n el candidato de la oposici\u00f3n Pepe Yunes denunci\u00f3 ante las autoridades electorales el uso de recursos p\u00fablicos en favor de una candidatura de Morena, al igual que los excesos coordinados por el alcalde, quien nunca debi\u00f3 estar presente en el evento, ya que se trataba de un d\u00eda h\u00e1bil en horas h\u00e1biles, pero necesita darse ba\u00f1os de pureza y aparecer ante el Presidente y la gente de Veracruz como una persona comprometida, ocultando una serie de delitos que ha cometido desde hace muchos a\u00f1os y que ahora, desde que su mala administraci\u00f3n es un esc\u00e1ndalo, han salido a la luz p\u00fablica.<\/span><\/p>\n<p><span style=\"font-size: 14pt;\">Los veracruzanos esperan que dichas denuncias prosperen y no queden los abusos de poder en la impunidad. Es responsabilidad del candidato del PRI y la alianza opositora ratificar su dicho para que se haga justicia y la elecci\u00f3n no se convierta en un proceso viciado que d\u00e9 como ganadora a quien la poblaci\u00f3n no quiere.<\/span><\/p>\n<p><span style=\"font-size: 14pt;\">Por su parte, la historia del gobierno de Cuitl\u00e1huac Garc\u00eda, deja mucho que desear, en un Estado que se le entreg\u00f3 a la delincuencia de norte a sur y no supo valorar la confianza que su poblaci\u00f3n le otorg\u00f3 en las urnas. Ahora la mala administraci\u00f3n de Garc\u00eda Jim\u00e9nez tendr\u00e1 repercusiones en la campa\u00f1a de Roc\u00edo Nahle que pareciera tener en sus correligionarios a sus m\u00e1s ac\u00e9rrimos enemigos, porque Fernando Remes por su historial delincuencial, y Garc\u00eda Jim\u00e9nez, por su ineficiente administraci\u00f3n.<\/span><\/p>\n<p><span style=\"font-size: 14pt;\">Es necesario conocer el Estado para gobernarlo, pero m\u00e1s importante a\u00fan es conocer a su gente, sus tradiciones, sus necesidades e inquietudes, es por ello que Pepe Yunes lleva una gran ventaja sobre Roc\u00edo Nahle, quien apenas empieza a conocer la geograf\u00eda del Estado que quiere gobernar.<\/span><\/p>\n","protected":false},"excerpt":{"rendered":"<p>La campa\u00f1a ostentosa de la candidata zacatecana llevar\u00e1 al triunfo al experimentado y eficiente Pepe Yunes Por \u00c1ngel \u00c1lvaro Pe\u00f1a<\/p>\n","protected":false},"author":4,"featured_media":24181,"comment_status":"closed","ping_status":"closed","sticky":false,"template":"","format":"standard","meta":{"colormag_page_container_layout":"default_layout","colormag_page_sidebar_layout":"default_layout","_jetpack_memberships_contains_paid_content":false,"footnotes":"","jetpack_publicize_message":"","jetpack_publicize_feature_enabled":true,"jetpack_social_post_already_shared":true,"jetpack_social_options":{"image_generator_settings":{"template":"highway","default_image_id":0,"font":"","enabled":false},"version":2}},"categories":[6],"tags":[],"class_list":["post-24179","post","type-post","status-publish","format-standard","has-post-thumbnail","hentry","category-columnistas"],"jetpack_publicize_connections":[],"jetpack_featured_media_url":"https:\/\/noticiasveracruz.com\/wp-content\/uploads\/2024\/01\/WhatsApp-Image-2024-01-18-at-19.30.03-1-1.jpg","jetpack_sharing_enabled":true,"publishpress_future_action":{"enabled":false,"date":"2026-05-06 16:27:21","action":"change-status","newStatus":"draft","terms":[],"taxonomy":"category","extraData":[]},"publishpress_future_workflow_manual_trigger":{"enabledWorkflows":[]},"_links":{"self":[{"href":"https:\/\/noticiasveracruz.com\/index.php\/wp-json\/wp\/v2\/posts\/24179","targetHints":{"allow":["GET"]}}],"collection":[{"href":"https:\/\/noticiasveracruz.com\/index.php\/wp-json\/wp\/v2\/posts"}],"about":[{"href":"https:\/\/noticiasveracruz.com\/index.php\/wp-json\/wp\/v2\/types\/post"}],"author":[{"embeddable":true,"href":"https:\/\/noticiasveracruz.com\/index.php\/wp-json\/wp\/v2\/users\/4"}],"replies":[{"embeddable":true,"href":"https:\/\/noticiasveracruz.com\/index.php\/wp-json\/wp\/v2\/comments?post=24179"}],"version-history":[{"count":0,"href":"https:\/\/noticiasveracruz.com\/index.php\/wp-json\/wp\/v2\/posts\/24179\/revisions"}],"wp:featuredmedia":[{"embeddable":true,"href":"https:\/\/noticiasveracruz.com\/index.php\/wp-json\/wp\/v2\/media\/24181"}],"wp:attachment":[{"href":"https:\/\/noticiasveracruz.com\/index.php\/wp-json\/wp\/v2\/media?parent=24179"}],"wp:term":[{"taxonomy":"category","embeddable":true,"href":"https:\/\/noticiasveracruz.com\/index.php\/wp-json\/wp\/v2\/categories?post=24179"},{"taxonomy":"post_tag","embeddable":true,"href":"https:\/\/noticiasveracruz.com\/index.php\/wp-json\/wp\/v2\/tags?post=24179"}],"curies":[{"name":"wp","href":"https:\/\/api.w.org\/{rel}","templated":true}]}}