{"id":24177,"date":"2024-01-22T00:46:44","date_gmt":"2024-01-22T06:46:44","guid":{"rendered":"https:\/\/noticiasveracruz.com\/?p=24177"},"modified":"2024-01-22T00:46:44","modified_gmt":"2024-01-22T06:46:44","slug":"marko-cortes-le-baja-tres-puntos-a-la-alianza-fuerza-y-corazon-por-mexico","status":"publish","type":"post","link":"https:\/\/noticiasveracruz.com\/index.php\/2024\/01\/22\/marko-cortes-le-baja-tres-puntos-a-la-alianza-fuerza-y-corazon-por-mexico\/","title":{"rendered":"Marko Cort\u00e9s le baja tres puntos a la alianza Fuerza y Coraz\u00f3n por M\u00e9xico"},"content":{"rendered":"<p><span style=\"font-size: 14pt;\"><strong>Por Jos\u00e9 Ure\u00f1a<\/strong><\/span><\/p>\n<p><span style=\"font-size: 14pt;\">El dirigente panista Marko Cort\u00e9s le redujo tres puntos a la alianza <em>Fuerza y Coraz\u00f3n por M\u00e9xico<\/em> con su imprudencia.<\/span><\/p>\n<p><span style=\"font-size: 14pt;\">Tuvo efectos en el Frente, pero tambi\u00e9n afect\u00f3 a la aspirante X\u00f3chitl G\u00e1lvez porque la oblig\u00f3 a deslindarse de los cochupos interpartidistas.<\/span><\/p>\n<p><span style=\"font-size: 14pt;\">Ella no est\u00e1 en los enjuagues actuales para repartirse candidaturas a gobernadores, senadores, diputados federales y otros cargos electorales.<\/span><\/p>\n<p><span style=\"font-size: 14pt;\">Y si ahora es ajena, m\u00e1s lo fue el a\u00f1o pasado, cuando se dieron las elecciones estatales de Coahuila y del Estado de M\u00e9xico.<\/span><\/p>\n<p><span style=\"font-size: 14pt;\">Entonces la hidalguense no figuraba en ning\u00fan imaginario, ni siquiera para jefa de Gobierno de la Ciudad de M\u00e9xico, desde donde se aup\u00f3 a la contienda nacional.<\/span><\/p>\n<p><span style=\"font-size: 14pt;\">Despu\u00e9s de aquellas votaciones vino la criba de interesados en contender por la entonces coalici\u00f3n Va por M\u00e9xico y dej\u00f3 como finalistas a X\u00f3chitl y a la priista Beatriz Paredes<em>.<\/em><\/span><\/p>\n<p><span style=\"font-size: 14pt;\">Qued\u00f3 ella y a remontar cinco a\u00f1os de campa\u00f1a de gobierno y de Estado abierta desde dos palacios, el Nacional y el de la Jefatura de Gobierno.<\/span><\/p>\n<p><span style=\"font-size: 14pt;\">A VOLVER A REMONTAR<\/span><\/p>\n<p><span style=\"font-size: 14pt;\">Desde agosto las condiciones han sido adversas para X\u00f3chitl G\u00e1lvez.<\/span><\/p>\n<p><span style=\"font-size: 14pt;\">A las descalificaciones cotidianas en Palacio Nacional se han sumado desacuerdos entre los dirigentes de PAN, PRI y PRD porque Marko Cort\u00e9s, Alejandro Moreno y Jes\u00fas Zambrano se reparten posiciones.<\/span><\/p>\n<p><span style=\"font-size: 14pt;\">Eso la aleja de un compromiso com\u00fan: postular a los candidatos m\u00e1s competitivos, consultas internas y evitar desplazamientos como el de Adri\u00e1n Rubalcava en la Ciudad de M\u00e9xico.<\/span><\/p>\n<p><span style=\"font-size: 14pt;\">Ella no participa en las decisiones y de repente, sin raz\u00f3n ni sentido, Cort\u00e9s difunde un acuerdo donde reclama hasta direcciones de escuelas primarias, notar\u00edas y otras posiciones en Coahuila.<\/span><\/p>\n<p><span style=\"font-size: 14pt;\">El sistema se les vino encima a la panista: L\u00f3pez Obrador, Mario Delgado y todo el coro morenista -medios incluidos- para exhibir la deshonestidad pol\u00edtica.<\/span><\/p>\n<p><span style=\"font-size: 14pt;\">Ah\u00ed est\u00e1 la clave.<\/span><\/p>\n<p><span style=\"font-size: 14pt;\">Con dificultades el frente opositor remont\u00f3 hasta nueve puntos tras el cierre de la precampa\u00f1a del domingo, pero la diferencia se ampli\u00f3 a 12.<\/span><\/p>\n<p><span style=\"font-size: 14pt;\">No igual en confrontaci\u00f3n de candidatas: <em>M\u00e9xico Elige <\/em>daba ayer poco m\u00e1s de 52 puntos a la candidata oficial por 42 de X\u00f3chitl G\u00e1lvez.<\/span><\/p>\n<p><span style=\"font-size: 14pt;\">Remontables, \u00bfpero qu\u00e9 necesidad, se\u00f1or Cort\u00e9s?<\/span><\/p>\n<p><span style=\"font-size: 14pt;\">LISTO PARA CAMPA\u00d1A<\/span><\/p>\n<p><span style=\"font-size: 14pt;\">1.- El coordinador morenista en el Senado, Eduardo Ram\u00edrez, prepara su salida para irse a hacer campa\u00f1a de tiempo completo por Chiapas.<\/span><\/p>\n<p><span style=\"font-size: 14pt;\">Llegar\u00e1 cargado de energ\u00eda.<\/span><\/p>\n<p><span style=\"font-size: 14pt;\">El fin de a\u00f1o sali\u00f3 del pa\u00eds, se fue a esquiar con gente de su total confianza y ha regresado lleno de juventud para contender por el gobierno.<\/span><\/p>\n<p><span style=\"font-size: 14pt;\">Tendr\u00e1 muchas tareas: remontar la mala imagen del saliente Rutilio Escand\u00f3n, la inseguridad creciente, la entrega de territorios a grupos, EZLN, narcotr\u00e1fico y otros grupos de poder.<\/span><\/p>\n<p><span style=\"font-size: 14pt;\">Luego deber\u00e1 lidiar con la presencia del Presidente si se va a su rancho de Palenque.<\/span><\/p>\n<p><span style=\"font-size: 14pt;\">Y 2.- Los empresarios de Acapulco est\u00e1n entusiasmados.<\/span><\/p>\n<p><span style=\"font-size: 14pt;\">El mi\u00e9rcoles hizo escala un crucero de la empresa <em>Norwegian Cruise Line<\/em> con m\u00e1s de cinco mil personas entre pasajeros y tripulantes.<\/span><\/p>\n<p><span style=\"font-size: 14pt;\">Se coordinan con la gobernadora Evelyn Salgado para incrementar la promoci\u00f3n y multiplicar arribos de ese tipo de embarcaciones con un segundo prop\u00f3sito: incrementar su permanencia en el puerto.<\/span><\/p>\n<p><img loading=\"lazy\" decoding=\"async\" class=\"alignnone wp-image-24171 size-full\" src=\"http:\/\/noticiasveracruz.com\/wp-content\/uploads\/2024\/01\/FIRMA-EDITORIAL-PD-4.jpg\" alt=\"\" width=\"1024\" height=\"125\" srcset=\"https:\/\/noticiasveracruz.com\/wp-content\/uploads\/2024\/01\/FIRMA-EDITORIAL-PD-4.jpg 1024w, https:\/\/noticiasveracruz.com\/wp-content\/uploads\/2024\/01\/FIRMA-EDITORIAL-PD-4-300x37.jpg 300w, https:\/\/noticiasveracruz.com\/wp-content\/uploads\/2024\/01\/FIRMA-EDITORIAL-PD-4-768x94.jpg 768w\" sizes=\"auto, (max-width: 1024px) 100vw, 1024px\" \/><\/p>\n","protected":false},"excerpt":{"rendered":"<p>Por Jos\u00e9 Ure\u00f1a El dirigente panista Marko Cort\u00e9s le redujo tres puntos a la alianza Fuerza y Coraz\u00f3n por M\u00e9xico<\/p>\n","protected":false},"author":4,"featured_media":3258,"comment_status":"closed","ping_status":"closed","sticky":false,"template":"","format":"standard","meta":{"colormag_page_container_layout":"default_layout","colormag_page_sidebar_layout":"default_layout","_jetpack_memberships_contains_paid_content":false,"footnotes":"","jetpack_publicize_message":"","jetpack_publicize_feature_enabled":true,"jetpack_social_post_already_shared":true,"jetpack_social_options":{"image_generator_settings":{"template":"highway","default_image_id":0,"font":"","enabled":false},"version":2}},"categories":[6],"tags":[],"class_list":["post-24177","post","type-post","status-publish","format-standard","has-post-thumbnail","hentry","category-columnistas"],"jetpack_publicize_connections":[],"jetpack_featured_media_url":"https:\/\/noticiasveracruz.com\/wp-content\/uploads\/2022\/04\/JOSE\u0301-UREN\u0303A.png","jetpack_sharing_enabled":true,"publishpress_future_action":{"enabled":false,"date":"2026-05-06 17:11:51","action":"change-status","newStatus":"draft","terms":[],"taxonomy":"category","extraData":[]},"publishpress_future_workflow_manual_trigger":{"enabledWorkflows":[]},"_links":{"self":[{"href":"https:\/\/noticiasveracruz.com\/index.php\/wp-json\/wp\/v2\/posts\/24177","targetHints":{"allow":["GET"]}}],"collection":[{"href":"https:\/\/noticiasveracruz.com\/index.php\/wp-json\/wp\/v2\/posts"}],"about":[{"href":"https:\/\/noticiasveracruz.com\/index.php\/wp-json\/wp\/v2\/types\/post"}],"author":[{"embeddable":true,"href":"https:\/\/noticiasveracruz.com\/index.php\/wp-json\/wp\/v2\/users\/4"}],"replies":[{"embeddable":true,"href":"https:\/\/noticiasveracruz.com\/index.php\/wp-json\/wp\/v2\/comments?post=24177"}],"version-history":[{"count":0,"href":"https:\/\/noticiasveracruz.com\/index.php\/wp-json\/wp\/v2\/posts\/24177\/revisions"}],"wp:featuredmedia":[{"embeddable":true,"href":"https:\/\/noticiasveracruz.com\/index.php\/wp-json\/wp\/v2\/media\/3258"}],"wp:attachment":[{"href":"https:\/\/noticiasveracruz.com\/index.php\/wp-json\/wp\/v2\/media?parent=24177"}],"wp:term":[{"taxonomy":"category","embeddable":true,"href":"https:\/\/noticiasveracruz.com\/index.php\/wp-json\/wp\/v2\/categories?post=24177"},{"taxonomy":"post_tag","embeddable":true,"href":"https:\/\/noticiasveracruz.com\/index.php\/wp-json\/wp\/v2\/tags?post=24177"}],"curies":[{"name":"wp","href":"https:\/\/api.w.org\/{rel}","templated":true}]}}