{"id":24146,"date":"2024-01-20T12:27:40","date_gmt":"2024-01-20T18:27:40","guid":{"rendered":"https:\/\/noticiasveracruz.com\/?p=24146"},"modified":"2024-01-20T12:27:40","modified_gmt":"2024-01-20T18:27:40","slug":"reeligen-a-francisco-cervantes-como-dirigente-del-cce","status":"publish","type":"post","link":"https:\/\/noticiasveracruz.com\/index.php\/2024\/01\/20\/reeligen-a-francisco-cervantes-como-dirigente-del-cce\/","title":{"rendered":"Reeligen a Francisco Cervantes como dirigente del CCE"},"content":{"rendered":"<p><span style=\"font-size: 14pt;\">Francisco Cervantes D\u00edaz fue elegido para un tercer a\u00f1o m\u00e1s como presidente del Consejo Coordinador Empresarial (CCE), inform\u00f3 el organismo c\u00fapula del sector privado.<\/span><\/p>\n<p><span style=\"font-size: 14pt;\">Durante la reuni\u00f3n mensual de Consejo Nacional, a la que asistieron los dirigentes de todos los organismos y asociaciones que integran al CCE, se anunci\u00f3 la reelecci\u00f3n del empresario para estar al frente por un periodo m\u00e1s.<\/span><\/p>\n<p><span style=\"font-size: 14pt;\">A trav\u00e9s de la red social X, el organismo indic\u00f3 que Cervantes D\u00edaz seguir\u00e1 siendo el l\u00edder de la iniciativa privada \u201cbajo una visi\u00f3n de dimensi\u00f3n social y progreso econ\u00f3mico\u201d para M\u00e9xico.<\/span><\/p>\n<p><span style=\"font-size: 14pt;\">De acuerdo con los estatutos vigentes del CCE, el actual dirigente deber\u00e1 dejar el cargo en el primer trimestre de 2025, momento que coincidir\u00e1 con la entrada de la nueva administraci\u00f3n federal.<\/span><\/p>\n<p><span style=\"font-size: 14pt;\">Cabe destacar que la Confederaci\u00f3n Patronal de la Rep\u00fablica Mexicana (Coparmex) aprob\u00f3 que Jos\u00e9 Medina Mora Icaza sea el presidente de ese organismo hasta diciembre de este a\u00f1o. La Confederaci\u00f3n de C\u00e1maras Industriales (Concamin) renovar\u00e1 su dirigencia en marzo pr\u00f3ximo, por lo que la presidencia ser\u00e1 ocupada por Alejandro Malag\u00f3n, mientras que la dirigencia de la Confederaci\u00f3n de C\u00e1maras Nacionales de Comercio, Servicios y Turismo (Concanaco Servytur) tambi\u00e9n ser\u00e1 renovada, pues Octavio de la Torre de St\u00e9ffano es tambi\u00e9n candidato \u00fanico.<\/span><\/p>\n","protected":false},"excerpt":{"rendered":"<p>Francisco Cervantes D\u00edaz fue elegido para un tercer a\u00f1o m\u00e1s como presidente del Consejo Coordinador Empresarial (CCE), inform\u00f3 el organismo<\/p>\n","protected":false},"author":4,"featured_media":24147,"comment_status":"closed","ping_status":"closed","sticky":false,"template":"","format":"standard","meta":{"colormag_page_container_layout":"default_layout","colormag_page_sidebar_layout":"default_layout","_jetpack_memberships_contains_paid_content":false,"footnotes":"","jetpack_publicize_message":"","jetpack_publicize_feature_enabled":true,"jetpack_social_post_already_shared":true,"jetpack_social_options":{"image_generator_settings":{"template":"highway","default_image_id":0,"font":"","enabled":false},"version":2}},"categories":[1947],"tags":[],"class_list":["post-24146","post","type-post","status-publish","format-standard","has-post-thumbnail","hentry","category-economia"],"jetpack_publicize_connections":[],"jetpack_featured_media_url":"https:\/\/noticiasveracruz.com\/wp-content\/uploads\/2024\/01\/Francisco-Cervantes-Diaz-CCE.jpeg","jetpack_sharing_enabled":true,"publishpress_future_action":{"enabled":false,"date":"2026-05-09 05:52:43","action":"change-status","newStatus":"draft","terms":[],"taxonomy":"category","extraData":[]},"publishpress_future_workflow_manual_trigger":{"enabledWorkflows":[]},"_links":{"self":[{"href":"https:\/\/noticiasveracruz.com\/index.php\/wp-json\/wp\/v2\/posts\/24146","targetHints":{"allow":["GET"]}}],"collection":[{"href":"https:\/\/noticiasveracruz.com\/index.php\/wp-json\/wp\/v2\/posts"}],"about":[{"href":"https:\/\/noticiasveracruz.com\/index.php\/wp-json\/wp\/v2\/types\/post"}],"author":[{"embeddable":true,"href":"https:\/\/noticiasveracruz.com\/index.php\/wp-json\/wp\/v2\/users\/4"}],"replies":[{"embeddable":true,"href":"https:\/\/noticiasveracruz.com\/index.php\/wp-json\/wp\/v2\/comments?post=24146"}],"version-history":[{"count":0,"href":"https:\/\/noticiasveracruz.com\/index.php\/wp-json\/wp\/v2\/posts\/24146\/revisions"}],"wp:featuredmedia":[{"embeddable":true,"href":"https:\/\/noticiasveracruz.com\/index.php\/wp-json\/wp\/v2\/media\/24147"}],"wp:attachment":[{"href":"https:\/\/noticiasveracruz.com\/index.php\/wp-json\/wp\/v2\/media?parent=24146"}],"wp:term":[{"taxonomy":"category","embeddable":true,"href":"https:\/\/noticiasveracruz.com\/index.php\/wp-json\/wp\/v2\/categories?post=24146"},{"taxonomy":"post_tag","embeddable":true,"href":"https:\/\/noticiasveracruz.com\/index.php\/wp-json\/wp\/v2\/tags?post=24146"}],"curies":[{"name":"wp","href":"https:\/\/api.w.org\/{rel}","templated":true}]}}