{"id":24136,"date":"2024-01-20T12:10:36","date_gmt":"2024-01-20T18:10:36","guid":{"rendered":"https:\/\/noticiasveracruz.com\/?p=24136"},"modified":"2024-01-20T12:10:36","modified_gmt":"2024-01-20T18:10:36","slug":"se-une-senadora-indira-kempis-a-las-filas-del-pri","status":"publish","type":"post","link":"https:\/\/noticiasveracruz.com\/index.php\/2024\/01\/20\/se-une-senadora-indira-kempis-a-las-filas-del-pri\/","title":{"rendered":"Se une senadora Indira Kempis a las filas del PRI"},"content":{"rendered":"<p class=\"western\"><span style=\"font-size: 14pt;\">La senadora Indira Kempis Mart\u00ednez quien dej\u00f3 las filas de Movimiento Ciudadano (MC) inconforme por no haber logrado la candidatura presidencial de ese partido, lo que la llev\u00f3 a presentar una queja ante el Tribunal Electoral del Poder Judicial de la Federaci\u00f3n (TEPJF), se integr\u00f3 al grupo parlamentario del PRI.<\/span><\/p>\n<p class=\"western\"><span style=\"font-size: 14pt;\">El dirigente nacional del tricolor, Alejandro Moreno C\u00e1rdenas, lo hizo p\u00fablico hoy a trav\u00e9s de sus redes sociales. En el PRI, \u201cnos sentimos muy orgullosos de sumar a nuestra bancada en el Senado a Indira Kemis,una mujer congruente, de lucha, comprometida con las mujeres y con los pueblos ind\u00edgenas, que ha demostrado con firmeza, valent\u00eda y dignidad el profundo amor que le tiene a M\u00e9xico\u201d.<\/span><\/p>\n<p class=\"western\"><span style=\"font-size: 14pt;\">Moreno C\u00e1rdenas recalc\u00f3 que la legisladora es bienvenida al PRI en el Senado. \u201cAqu\u00ed tu voz cuenta\u201d.<\/span><\/p>\n<p class=\"western\"><span style=\"font-size: 14pt;\">La senadora Kempis decidi\u00f3 salir de las filas de MC cuando el partido nomin\u00f3 a Jorge Alvarez M\u00e1ynez como precandidato presidencial, interpuso un recurso en contra ante el TEPJF e hizo p\u00fablicos sus cuestionamientos a la dirigencia emecista que encabeza Dante Delgado.<\/span><\/p>\n<p class=\"western\"><span style=\"font-size: 14pt;\">Sus ex compa\u00f1eros\u00a0partidistas deploraron su actitud y la senadora Laura Bastelleros Mancilla, qui\u00e9n reci\u00e9n se integr\u00f3 al Senado, consider\u00f3 \u201coportunista \u201c su actitud, ya que, expuso, lo que buscaba es lograr una posici\u00f3n pol\u00edtica con la alianza opositora que conforman PRI, PAN y PRD.<\/span><\/p>\n","protected":false},"excerpt":{"rendered":"<p>La senadora Indira Kempis Mart\u00ednez quien dej\u00f3 las filas de Movimiento Ciudadano (MC) inconforme por no haber logrado la candidatura<\/p>\n","protected":false},"author":4,"featured_media":24137,"comment_status":"closed","ping_status":"closed","sticky":false,"template":"","format":"standard","meta":{"colormag_page_container_layout":"default_layout","colormag_page_sidebar_layout":"default_layout","_jetpack_memberships_contains_paid_content":false,"footnotes":"","jetpack_publicize_message":"","jetpack_publicize_feature_enabled":true,"jetpack_social_post_already_shared":true,"jetpack_social_options":{"image_generator_settings":{"template":"highway","default_image_id":0,"font":"","enabled":false},"version":2}},"categories":[4],"tags":[],"class_list":["post-24136","post","type-post","status-publish","format-standard","has-post-thumbnail","hentry","category-nacional"],"jetpack_publicize_connections":[],"jetpack_featured_media_url":"https:\/\/noticiasveracruz.com\/wp-content\/uploads\/2024\/01\/PRI.jpg","jetpack_sharing_enabled":true,"publishpress_future_action":{"enabled":false,"date":"2026-05-09 03:11:23","action":"change-status","newStatus":"draft","terms":[],"taxonomy":"category","extraData":[]},"publishpress_future_workflow_manual_trigger":{"enabledWorkflows":[]},"_links":{"self":[{"href":"https:\/\/noticiasveracruz.com\/index.php\/wp-json\/wp\/v2\/posts\/24136","targetHints":{"allow":["GET"]}}],"collection":[{"href":"https:\/\/noticiasveracruz.com\/index.php\/wp-json\/wp\/v2\/posts"}],"about":[{"href":"https:\/\/noticiasveracruz.com\/index.php\/wp-json\/wp\/v2\/types\/post"}],"author":[{"embeddable":true,"href":"https:\/\/noticiasveracruz.com\/index.php\/wp-json\/wp\/v2\/users\/4"}],"replies":[{"embeddable":true,"href":"https:\/\/noticiasveracruz.com\/index.php\/wp-json\/wp\/v2\/comments?post=24136"}],"version-history":[{"count":0,"href":"https:\/\/noticiasveracruz.com\/index.php\/wp-json\/wp\/v2\/posts\/24136\/revisions"}],"wp:featuredmedia":[{"embeddable":true,"href":"https:\/\/noticiasveracruz.com\/index.php\/wp-json\/wp\/v2\/media\/24137"}],"wp:attachment":[{"href":"https:\/\/noticiasveracruz.com\/index.php\/wp-json\/wp\/v2\/media?parent=24136"}],"wp:term":[{"taxonomy":"category","embeddable":true,"href":"https:\/\/noticiasveracruz.com\/index.php\/wp-json\/wp\/v2\/categories?post=24136"},{"taxonomy":"post_tag","embeddable":true,"href":"https:\/\/noticiasveracruz.com\/index.php\/wp-json\/wp\/v2\/tags?post=24136"}],"curies":[{"name":"wp","href":"https:\/\/api.w.org\/{rel}","templated":true}]}}