{"id":24130,"date":"2024-01-20T12:04:40","date_gmt":"2024-01-20T18:04:40","guid":{"rendered":"https:\/\/noticiasveracruz.com\/?p=24130"},"modified":"2024-01-20T12:04:40","modified_gmt":"2024-01-20T18:04:40","slug":"aumento-irregular-de-migracion-no-es-solo-problema-de-mexico-y-eu-barcena","status":"publish","type":"post","link":"https:\/\/noticiasveracruz.com\/index.php\/2024\/01\/20\/aumento-irregular-de-migracion-no-es-solo-problema-de-mexico-y-eu-barcena\/","title":{"rendered":"Aumento irregular de migraci\u00f3n no es s\u00f3lo problema de M\u00e9xico y EU: B\u00e1rcena"},"content":{"rendered":"<p><span style=\"font-size: 14pt;\">El crecimiento de la migraci\u00f3n irregular no es un problema s\u00f3lo de M\u00e9xico y Estados Unidos, asever\u00f3 este viernes la canciller Alicia B\u00e1rcena, quien dijo que el resto de los pa\u00edses de la regi\u00f3n deben solidarizarse con ambas naciones para encontrar una soluci\u00f3n.<\/span><\/p>\n<p class=\"western\"><span style=\"font-size: 14pt;\">En un mensaje inicial de la reuni\u00f3n de alto nivel que se celebra en la sede del Departamento de Estado entre funcionarios de los gobiernos de Andr\u00e9s Manuel L\u00f3pez Obrador y de Joe Biden, la canciller explic\u00f3 que M\u00e9xico y Estados Unidos hablar\u00e1n sobre \u201cc\u00f3mo trabajamos conjuntamente para abordar este tema en beneficio de la gente, s\u00ed, pero tambi\u00e9n si duda de manera que los dem\u00e1s pa\u00edses de la regi\u00f3n se solidaricen con M\u00e9xico y con Estados Unidos, porque esto no es un problema solo de nosotros\u201d.<\/span><\/p>\n<p class=\"western\"><span style=\"font-size: 14pt;\">El secretario de Estado estadunidense, Antony Blinken, dijo en su mensaje inicial -que fue transmitido por internet- que ha habido \u201cgrandes progresos\u201d en la materia, como resultado de la \u00faltima reuni\u00f3n celebrada el 27 de diciembre entre ambos gobiernos en Palacio Nacional, y que fue encabezada por L\u00f3pez Obrador.<\/span><\/p>\n<p class=\"western\"><span style=\"font-size: 14pt;\">\u201cCreo que hemos tenido grandes progresos en tan solo el espacio de tres semanas\u201d, se\u00f1al\u00f3 Blinken, quien agreg\u00f3 que ahora \u201canalizaremos qu\u00e9 pasos adicionales podemos adoptar para alcanzar la meta que compartimos de reducir los flujos de migraci\u00f3n irregular sin precedentes\u201d.<\/span><\/p>\n<p class=\"western\"><span style=\"font-size: 14pt;\">B\u00e1rcena a\u00f1adi\u00f3 que Estados Unidos y M\u00e9xico \u201ctenemos ante nosotros dos caminos y tenemos que elegir y creo que juntos estamos eligiendo el camino, que quiz\u00e1s no hemos recorrido suficientemente, de ser el primer socio comercial de Estados Unidos, de tener una relaci\u00f3n tan din\u00e1mica en lo social, en lo econ\u00f3mico, profunda, comercializamos 863 mil millones de d\u00f3lares al a\u00f1o, que esto es m\u00e1s o menos 2 millones de d\u00f3lares por minuto, o sea, no es menor; tenemos un gran tratado, tenemos 3 mil kil\u00f3metros que nos unen\u201d.<\/span><\/p>\n<p class=\"western\"><span style=\"font-size: 14pt;\">A\u00f1adi\u00f3 que el mensaje del presidente L\u00f3pez Obrador para el gobierno de Biden es que \u201ctenemos la intenci\u00f3n de ayudar, de apoyar, en esta gran tarea, gran batalla que estamos viviendo todos, que es la alta movilidad humana. No es un problema solo de nuestra regi\u00f3n, el mundo entero est\u00e1 atravesando una crisis\u201d.<\/span><\/p>\n<p class=\"western\"><span style=\"font-size: 14pt;\">Dijo que uno de los avances que ha dejado el di\u00e1logo entre ambos pa\u00edses es que se han podido \u201cestablecer mecanismos muy claros de intercambio muy franco entre nosotros\u201d.<\/span><\/p>\n","protected":false},"excerpt":{"rendered":"<p>El crecimiento de la migraci\u00f3n irregular no es un problema s\u00f3lo de M\u00e9xico y Estados Unidos, asever\u00f3 este viernes la<\/p>\n","protected":false},"author":4,"featured_media":24131,"comment_status":"closed","ping_status":"closed","sticky":false,"template":"","format":"standard","meta":{"colormag_page_container_layout":"default_layout","colormag_page_sidebar_layout":"default_layout","_jetpack_memberships_contains_paid_content":false,"footnotes":"","jetpack_publicize_message":"","jetpack_publicize_feature_enabled":true,"jetpack_social_post_already_shared":true,"jetpack_social_options":{"image_generator_settings":{"template":"highway","default_image_id":0,"font":"","enabled":false},"version":2}},"categories":[4],"tags":[],"class_list":["post-24130","post","type-post","status-publish","format-standard","has-post-thumbnail","hentry","category-nacional"],"jetpack_publicize_connections":[],"jetpack_featured_media_url":"https:\/\/noticiasveracruz.com\/wp-content\/uploads\/2024\/01\/alicia-barcena-y-antony-blinken-reunion-mexico-eua-sobre-migracion-2024_65ab0d0283a46.jpg","jetpack_sharing_enabled":true,"publishpress_future_action":{"enabled":false,"date":"2026-05-09 04:54:34","action":"change-status","newStatus":"draft","terms":[],"taxonomy":"category","extraData":[]},"publishpress_future_workflow_manual_trigger":{"enabledWorkflows":[]},"_links":{"self":[{"href":"https:\/\/noticiasveracruz.com\/index.php\/wp-json\/wp\/v2\/posts\/24130","targetHints":{"allow":["GET"]}}],"collection":[{"href":"https:\/\/noticiasveracruz.com\/index.php\/wp-json\/wp\/v2\/posts"}],"about":[{"href":"https:\/\/noticiasveracruz.com\/index.php\/wp-json\/wp\/v2\/types\/post"}],"author":[{"embeddable":true,"href":"https:\/\/noticiasveracruz.com\/index.php\/wp-json\/wp\/v2\/users\/4"}],"replies":[{"embeddable":true,"href":"https:\/\/noticiasveracruz.com\/index.php\/wp-json\/wp\/v2\/comments?post=24130"}],"version-history":[{"count":0,"href":"https:\/\/noticiasveracruz.com\/index.php\/wp-json\/wp\/v2\/posts\/24130\/revisions"}],"wp:featuredmedia":[{"embeddable":true,"href":"https:\/\/noticiasveracruz.com\/index.php\/wp-json\/wp\/v2\/media\/24131"}],"wp:attachment":[{"href":"https:\/\/noticiasveracruz.com\/index.php\/wp-json\/wp\/v2\/media?parent=24130"}],"wp:term":[{"taxonomy":"category","embeddable":true,"href":"https:\/\/noticiasveracruz.com\/index.php\/wp-json\/wp\/v2\/categories?post=24130"},{"taxonomy":"post_tag","embeddable":true,"href":"https:\/\/noticiasveracruz.com\/index.php\/wp-json\/wp\/v2\/tags?post=24130"}],"curies":[{"name":"wp","href":"https:\/\/api.w.org\/{rel}","templated":true}]}}