{"id":24124,"date":"2024-01-20T11:57:45","date_gmt":"2024-01-20T17:57:45","guid":{"rendered":"https:\/\/noticiasveracruz.com\/?p=24124"},"modified":"2024-01-20T11:57:45","modified_gmt":"2024-01-20T17:57:45","slug":"denunciaran-uso-de-recursos-publicos-en-cierre-de-sheinbaum","status":"publish","type":"post","link":"https:\/\/noticiasveracruz.com\/index.php\/2024\/01\/20\/denunciaran-uso-de-recursos-publicos-en-cierre-de-sheinbaum\/","title":{"rendered":"Denunciar\u00e1n uso de recursos p\u00fablicos en cierre de Sheinbaum"},"content":{"rendered":"<div class=\"tdb-block-inner td-fix-index\">\n<p><span style=\"font-size: 14pt;\">La coalici\u00f3n Fuerza y Coraz\u00f3n por Veracruz denunciar\u00e1 el uso de recursos p\u00fablicos y actos ilegales en el cierre de precampa\u00f1a de las precandidatas del partido Movimiento Regeneraci\u00f3n Nacional (Morena), Claudia Sheinbaum Pardo y Roc\u00edo Nahle Garc\u00eda, a la presidencia de la Rep\u00fablica y gubernatura, respectivamente, violando flagrantemente la ley.<\/span><\/p>\n<p><span style=\"font-size: 14pt;\">De acuerdo con el \u00e1rea de comunicaci\u00f3n social de la coalici\u00f3n se destaca que el mi\u00e9rcoles fueron vistos veh\u00edculos del ayuntamiento de Poza Rica, as\u00ed como funcionarios de la Secretar\u00eda de Infraestructura y Obras P\u00fablicas (SIOP) participando en dicho evento; adem\u00e1s del acarreo de personas, principalmente de empleados de gobierno y uso de elementos de la Secretar\u00eda de Seguridad P\u00fablica (SSP) en acto partidista en d\u00eda laboral.<\/span><\/p>\n<\/div>\n","protected":false},"excerpt":{"rendered":"<p>La coalici\u00f3n Fuerza y Coraz\u00f3n por Veracruz denunciar\u00e1 el uso de recursos p\u00fablicos y actos ilegales en el cierre de<\/p>\n","protected":false},"author":4,"featured_media":24125,"comment_status":"closed","ping_status":"closed","sticky":false,"template":"","format":"standard","meta":{"colormag_page_container_layout":"default_layout","colormag_page_sidebar_layout":"default_layout","_jetpack_memberships_contains_paid_content":false,"footnotes":"","jetpack_publicize_message":"","jetpack_publicize_feature_enabled":true,"jetpack_social_post_already_shared":true,"jetpack_social_options":{"image_generator_settings":{"template":"highway","default_image_id":0,"font":"","enabled":false},"version":2}},"categories":[145,356],"tags":[],"class_list":["post-24124","post","type-post","status-publish","format-standard","has-post-thumbnail","hentry","category-estados","category-veracruz"],"jetpack_publicize_connections":[],"jetpack_featured_media_url":"https:\/\/noticiasveracruz.com\/wp-content\/uploads\/2024\/01\/655d375fbdbfe_940_529.jpg","jetpack_sharing_enabled":true,"publishpress_future_action":{"enabled":false,"date":"2026-05-09 06:51:52","action":"change-status","newStatus":"draft","terms":[],"taxonomy":"category","extraData":[]},"publishpress_future_workflow_manual_trigger":{"enabledWorkflows":[]},"_links":{"self":[{"href":"https:\/\/noticiasveracruz.com\/index.php\/wp-json\/wp\/v2\/posts\/24124","targetHints":{"allow":["GET"]}}],"collection":[{"href":"https:\/\/noticiasveracruz.com\/index.php\/wp-json\/wp\/v2\/posts"}],"about":[{"href":"https:\/\/noticiasveracruz.com\/index.php\/wp-json\/wp\/v2\/types\/post"}],"author":[{"embeddable":true,"href":"https:\/\/noticiasveracruz.com\/index.php\/wp-json\/wp\/v2\/users\/4"}],"replies":[{"embeddable":true,"href":"https:\/\/noticiasveracruz.com\/index.php\/wp-json\/wp\/v2\/comments?post=24124"}],"version-history":[{"count":0,"href":"https:\/\/noticiasveracruz.com\/index.php\/wp-json\/wp\/v2\/posts\/24124\/revisions"}],"wp:featuredmedia":[{"embeddable":true,"href":"https:\/\/noticiasveracruz.com\/index.php\/wp-json\/wp\/v2\/media\/24125"}],"wp:attachment":[{"href":"https:\/\/noticiasveracruz.com\/index.php\/wp-json\/wp\/v2\/media?parent=24124"}],"wp:term":[{"taxonomy":"category","embeddable":true,"href":"https:\/\/noticiasveracruz.com\/index.php\/wp-json\/wp\/v2\/categories?post=24124"},{"taxonomy":"post_tag","embeddable":true,"href":"https:\/\/noticiasveracruz.com\/index.php\/wp-json\/wp\/v2\/tags?post=24124"}],"curies":[{"name":"wp","href":"https:\/\/api.w.org\/{rel}","templated":true}]}}