{"id":22944,"date":"2024-01-01T13:08:49","date_gmt":"2024-01-01T19:08:49","guid":{"rendered":"https:\/\/noticiasveracruz.com\/?p=22944"},"modified":"2024-01-01T13:08:49","modified_gmt":"2024-01-01T19:08:49","slug":"destaca-amlo-construccion-de-puente-que-cruza-el-usumacinta","status":"publish","type":"post","link":"https:\/\/noticiasveracruz.com\/index.php\/2024\/01\/01\/destaca-amlo-construccion-de-puente-que-cruza-el-usumacinta\/","title":{"rendered":"Destaca AMLO construcci\u00f3n de puente que cruza el Usumacinta"},"content":{"rendered":"<p><span style=\"font-size: 14pt;\">En un video grabado durante el recorrido que realiz\u00f3 este domingo el presidente Andr\u00e9s Manuel L\u00f3pez Obrador en la segunda etapa del Tren Maya, el mandatario destac\u00f3 el puente construido para este proyecto y que cruza el r\u00edo Usumacinta, a la altura del ca\u00f1\u00f3n Boca del Cerro.<\/span><\/p>\n<p><span style=\"font-size: 14pt;\">Durante el video, grabado al momento de pasar por ese punto, el titular del Ejecutivo federal expuso que se trata del R\u00edo m\u00e1s grande del territorio mexicano, que divide en esa regi\u00f3n a Chiapas de Tabasco y llega hasta la divisi\u00f3n entre M\u00e9xico con Guatemala.<\/span><\/p>\n<p><span style=\"font-size: 14pt;\">Se trata de \u201cuna belleza natural\u201d, a lo largo de la cual floreci\u00f3 la cultura Maya. Adem\u00e1s, fue usado por Hern\u00e1n Cort\u00e9s para trasladar \u201cprisionero al \u00faltimo Tlatoani, a Cuauht\u00e9moc, y por aqu\u00ed cobardemente lo asesin\u00f3\u201d, agreg\u00f3.<\/span><\/p>\n<p><span style=\"font-size: 14pt;\">Para cruzar el r\u00edo Usumacinta, explic\u00f3 el tabasque\u00f1o, hay un puente construido desde la d\u00e9cada de los a\u00f1os 50, pero el que se usa para el Tren Maya fue recientemente construido para este medio de transporte.<\/span><\/p>\n<p><span style=\"font-size: 14pt;\">\u201cLos constructores Mota-Engil M\u00e9xico, que les toc\u00f3 este tramo del Tren Maya, acertadamente decidieron dejar el puente antiguo porque es un monumento hist\u00f3rico, y se hizo este puente nuevo que es una obra de ingenier\u00eda de primer nivel porque este puente no tiene columnas, se puso con unas lanzadoras, tambi\u00e9n, ingenier\u00eda civil mexicana de una empresa de Jalisco, Recal, de Ren\u00e9 Calder\u00f3n, un empresario de la construcci\u00f3n ejemplar\u201d, indic\u00f3 L\u00f3pez Obrador.<\/span><\/p>\n","protected":false},"excerpt":{"rendered":"<p>En un video grabado durante el recorrido que realiz\u00f3 este domingo el presidente Andr\u00e9s Manuel L\u00f3pez Obrador en la segunda<\/p>\n","protected":false},"author":4,"featured_media":22945,"comment_status":"closed","ping_status":"closed","sticky":false,"template":"","format":"standard","meta":{"colormag_page_container_layout":"default_layout","colormag_page_sidebar_layout":"default_layout","_jetpack_memberships_contains_paid_content":false,"footnotes":"","jetpack_publicize_message":"","jetpack_publicize_feature_enabled":true,"jetpack_social_post_already_shared":true,"jetpack_social_options":{"image_generator_settings":{"template":"highway","default_image_id":0,"font":"","enabled":false},"version":2}},"categories":[4],"tags":[],"class_list":["post-22944","post","type-post","status-publish","format-standard","has-post-thumbnail","hentry","category-nacional"],"jetpack_publicize_connections":[],"jetpack_featured_media_url":"https:\/\/noticiasveracruz.com\/wp-content\/uploads\/2024\/01\/PU.jpg","jetpack_sharing_enabled":true,"publishpress_future_action":{"enabled":false,"date":"2026-05-07 06:50:05","action":"change-status","newStatus":"draft","terms":[],"taxonomy":"category","extraData":[]},"publishpress_future_workflow_manual_trigger":{"enabledWorkflows":[]},"_links":{"self":[{"href":"https:\/\/noticiasveracruz.com\/index.php\/wp-json\/wp\/v2\/posts\/22944","targetHints":{"allow":["GET"]}}],"collection":[{"href":"https:\/\/noticiasveracruz.com\/index.php\/wp-json\/wp\/v2\/posts"}],"about":[{"href":"https:\/\/noticiasveracruz.com\/index.php\/wp-json\/wp\/v2\/types\/post"}],"author":[{"embeddable":true,"href":"https:\/\/noticiasveracruz.com\/index.php\/wp-json\/wp\/v2\/users\/4"}],"replies":[{"embeddable":true,"href":"https:\/\/noticiasveracruz.com\/index.php\/wp-json\/wp\/v2\/comments?post=22944"}],"version-history":[{"count":0,"href":"https:\/\/noticiasveracruz.com\/index.php\/wp-json\/wp\/v2\/posts\/22944\/revisions"}],"wp:featuredmedia":[{"embeddable":true,"href":"https:\/\/noticiasveracruz.com\/index.php\/wp-json\/wp\/v2\/media\/22945"}],"wp:attachment":[{"href":"https:\/\/noticiasveracruz.com\/index.php\/wp-json\/wp\/v2\/media?parent=22944"}],"wp:term":[{"taxonomy":"category","embeddable":true,"href":"https:\/\/noticiasveracruz.com\/index.php\/wp-json\/wp\/v2\/categories?post=22944"},{"taxonomy":"post_tag","embeddable":true,"href":"https:\/\/noticiasveracruz.com\/index.php\/wp-json\/wp\/v2\/tags?post=22944"}],"curies":[{"name":"wp","href":"https:\/\/api.w.org\/{rel}","templated":true}]}}