{"id":21990,"date":"2023-12-12T19:09:47","date_gmt":"2023-12-13T01:09:47","guid":{"rendered":"https:\/\/noticiasveracruz.com\/?p=21990"},"modified":"2023-12-12T19:09:47","modified_gmt":"2023-12-13T01:09:47","slug":"el-legado-de-sangre-y-muerte-de-amlo","status":"publish","type":"post","link":"https:\/\/noticiasveracruz.com\/index.php\/2023\/12\/12\/el-legado-de-sangre-y-muerte-de-amlo\/","title":{"rendered":"El legado de sangre y muerte de AMLO"},"content":{"rendered":"<p><span style=\"font-size: 14pt;\"><strong>Por Aurelio Contreras Moreno<\/strong><\/span><\/p>\n<p><span style=\"font-size: 14pt;\">Los sucesos violentos del pasado viernes son un reflejo n\u00edtido del momento por el que pasa el pa\u00eds y pudiesen constituir un parteaguas de proporciones no estimadas a\u00fan.<\/span><\/p>\n<p><span style=\"font-size: 14pt;\">En el poblado de Texcaltitl\u00e1n, en el Estado de M\u00e9xico, transcurr\u00eda una escena que es familiar en muchas otras localidades de todo el pa\u00eds: un grupo criminal que se presentaba a cobrar \u201cderecho de piso\u201d a los productores agr\u00edcolas del lugar. Esto es, el pago forzoso a los delincuentes de un porcentaje de las ganancias generadas por su trabajo.<\/span><\/p>\n<p><span style=\"font-size: 14pt;\">Sin embargo, de acuerdo con lo que se sabe, cuando los sicarios anunciaron que el porcentaje se iba a incrementar la situaci\u00f3n se les sali\u00f3 de control, pues los pobladores se les fueron encima a balazos y machetazos. El saldo final fue de 14 personas muertas, 11 de las cuales pertenec\u00edan al bando de los delincuentes mientras que tres eran vecinos del lugar.<\/span><\/p>\n<p><span style=\"font-size: 14pt;\">La decisi\u00f3n de los pobladores de jugarse la vida \u2013y algunos, perderla- para ponerle un alto a las extorsiones y amenazas es una prueba dolorosa y al mismo tiempo contundente de la ausencia del Estado, de la orfandad de los ciudadanos y, especialmente, de la necesidad de defenderse por su cuenta, ante la inmovilidad o abierta complicidad de las autoridades.<\/span><\/p>\n<p><span style=\"font-size: 14pt;\">Cinco a\u00f1os despu\u00e9s de haber asumido el poder, seguir echando la culpa a los gobiernos anteriores del desastre en materia de seguridad es absolutamente rid\u00edculo y solo demuestra la completa incapacidad del r\u00e9gimen obradorista para hacer frente al principal problema del pa\u00eds.<\/span><\/p>\n<p><span style=\"font-size: 14pt;\">La \u201cestrategia\u201d \u2013si es que se le pudiese nombrar de esa manera- del obradorato de tolerancia a los criminales resulta todav\u00eda m\u00e1s criminal. No hay abrazos y s\u00ed un chingo de balazos, lo que se ha traducido en que es \u00e9ste el sexenio m\u00e1s violento de la historia de M\u00e9xico sin que medie un conflicto armado declarado. Aunque la realidad es que el pa\u00eds vive en estado de guerra desde hace por los menos dos sexenios.<\/span><\/p>\n<p><span style=\"font-size: 14pt;\">La connivencia de autoridades de todos los niveles con grupos delincuenciales es demencial. Por dem\u00e1s resulta recordar que prometieron que todo iba a cambiar si ganaban. Alrededor de 170 mil muertos por la violencia en cinco a\u00f1os son elocuentes para sostener que el gobierno de Andr\u00e9s Manuel L\u00f3pez Obrador fracas\u00f3 estrepitosamente y empeor\u00f3 una situaci\u00f3n de por s\u00ed extrema.<\/span><\/p>\n<p><span style=\"font-size: 14pt;\">Y ahora, lo que parece venir es una especie de \u201cs\u00e1lvese quien pueda\u201d, con la poblaci\u00f3n haciendo justicia por propia mano, ya que el Estado mexicano est\u00e1 ocupado siendo \u201cconsiderado\u201d con los familiares de los delincuentes y pr\u00e1cticamente haci\u00e9ndoles \u201cesquelas\u201d, como el grotesco texto publicado por el presidente del Sistema de Radiodifusi\u00f3n Mexicano, el ex periodista Jenaro Villamil, para referir \u2013como si fuese realmente noticiosa- la muerte de la madre de Joaqu\u00edn \u201cEl Chapo\u201d Guzm\u00e1n, uno de los narcotraficantes m\u00e1s sanguinarios que hayan existido, a quien describi\u00f3 como una \u201cmujer sencilla\u201d que \u201csiempre neg\u00f3 p\u00fablicamente que fuera el jefe del c\u00e1rtel m\u00e1s poderoso del narcotr\u00e1fico en M\u00e9xico\u201d. Solo le falt\u00f3 desear pronta resignaci\u00f3n a sus deudos\u2026 de lo cual se encarg\u00f3 el propio L\u00f3pez Obrador, quien d\u00edas antes criminaliz\u00f3 a unos j\u00f3venes asesinados en Guanajuato, relacion\u00e1ndolos sin prueba alguna con \u201casuntos de drogas\u201d.<\/span><\/p>\n<p><span style=\"font-size: 14pt;\">Lo que vendr\u00e1 en 2024 ser\u00e1 una agudizaci\u00f3n de la crisis de inseguridad y violencia ante las elecciones federales y estatales y el fin del sexenio, con un r\u00e9gimen que declinar\u00e1 de su obligaci\u00f3n de gobernar, pues estar\u00e1 volcado en la elecci\u00f3n de Estado con la que pretende perpetuarse en el poder. Y una poblaci\u00f3n que seguir\u00e1 tomando la justicia en sus manos para defender su patrimonio y su vida, pues no hay gobierno que le proteja.<\/span><\/p>\n<p><span style=\"font-size: 14pt;\">M\u00e1s all\u00e1 de lo que pase electoralmente el a\u00f1o entrante y contrario a sus delirios megalomaniacos, el principal legado del sexenio de Andr\u00e9s Manuel Obrador ser\u00e1n la sangre y muerte en la que termin\u00f3 de hundir al pa\u00eds. Junto con una estela de corrupci\u00f3n como pocas.<\/span><\/p>\n<p><span style=\"font-size: 14pt;\">Esa ser\u00e1 su inscripci\u00f3n en los anales de la historia. Algo as\u00ed como la de Felipe Calder\u00f3n.<\/span><\/p>\n<p><img loading=\"lazy\" decoding=\"async\" class=\"alignnone wp-image-21850 size-full\" src=\"http:\/\/noticiasveracruz.com\/wp-content\/uploads\/2023\/12\/FIRMA-EDITORIAL-PD-2.jpg\" alt=\"\" width=\"1024\" height=\"125\" srcset=\"https:\/\/noticiasveracruz.com\/wp-content\/uploads\/2023\/12\/FIRMA-EDITORIAL-PD-2.jpg 1024w, https:\/\/noticiasveracruz.com\/wp-content\/uploads\/2023\/12\/FIRMA-EDITORIAL-PD-2-300x37.jpg 300w, https:\/\/noticiasveracruz.com\/wp-content\/uploads\/2023\/12\/FIRMA-EDITORIAL-PD-2-768x94.jpg 768w\" sizes=\"auto, (max-width: 1024px) 100vw, 1024px\" \/><\/p>\n","protected":false},"excerpt":{"rendered":"<p>Por Aurelio Contreras Moreno Los sucesos violentos del pasado viernes son un reflejo n\u00edtido del momento por el que pasa<\/p>\n","protected":false},"author":4,"featured_media":3578,"comment_status":"closed","ping_status":"closed","sticky":false,"template":"","format":"standard","meta":{"colormag_page_container_layout":"default_layout","colormag_page_sidebar_layout":"default_layout","_jetpack_memberships_contains_paid_content":false,"footnotes":"","jetpack_publicize_message":"","jetpack_publicize_feature_enabled":true,"jetpack_social_post_already_shared":true,"jetpack_social_options":{"image_generator_settings":{"template":"highway","default_image_id":0,"font":"","enabled":false},"version":2}},"categories":[6],"tags":[],"class_list":["post-21990","post","type-post","status-publish","format-standard","has-post-thumbnail","hentry","category-columnistas"],"jetpack_publicize_connections":[],"jetpack_featured_media_url":"https:\/\/noticiasveracruz.com\/wp-content\/uploads\/2022\/04\/P-AURELIO-CONTRERAS.png","jetpack_sharing_enabled":true,"publishpress_future_action":{"enabled":false,"date":"2026-05-08 18:07:57","action":"change-status","newStatus":"draft","terms":[],"taxonomy":"category","extraData":[]},"publishpress_future_workflow_manual_trigger":{"enabledWorkflows":[]},"_links":{"self":[{"href":"https:\/\/noticiasveracruz.com\/index.php\/wp-json\/wp\/v2\/posts\/21990","targetHints":{"allow":["GET"]}}],"collection":[{"href":"https:\/\/noticiasveracruz.com\/index.php\/wp-json\/wp\/v2\/posts"}],"about":[{"href":"https:\/\/noticiasveracruz.com\/index.php\/wp-json\/wp\/v2\/types\/post"}],"author":[{"embeddable":true,"href":"https:\/\/noticiasveracruz.com\/index.php\/wp-json\/wp\/v2\/users\/4"}],"replies":[{"embeddable":true,"href":"https:\/\/noticiasveracruz.com\/index.php\/wp-json\/wp\/v2\/comments?post=21990"}],"version-history":[{"count":0,"href":"https:\/\/noticiasveracruz.com\/index.php\/wp-json\/wp\/v2\/posts\/21990\/revisions"}],"wp:featuredmedia":[{"embeddable":true,"href":"https:\/\/noticiasveracruz.com\/index.php\/wp-json\/wp\/v2\/media\/3578"}],"wp:attachment":[{"href":"https:\/\/noticiasveracruz.com\/index.php\/wp-json\/wp\/v2\/media?parent=21990"}],"wp:term":[{"taxonomy":"category","embeddable":true,"href":"https:\/\/noticiasveracruz.com\/index.php\/wp-json\/wp\/v2\/categories?post=21990"},{"taxonomy":"post_tag","embeddable":true,"href":"https:\/\/noticiasveracruz.com\/index.php\/wp-json\/wp\/v2\/tags?post=21990"}],"curies":[{"name":"wp","href":"https:\/\/api.w.org\/{rel}","templated":true}]}}