{"id":21988,"date":"2023-12-12T19:07:33","date_gmt":"2023-12-13T01:07:33","guid":{"rendered":"https:\/\/noticiasveracruz.com\/?p=21988"},"modified":"2023-12-12T19:07:33","modified_gmt":"2023-12-13T01:07:33","slug":"fervor-guadalupano-a-canonazos","status":"publish","type":"post","link":"https:\/\/noticiasveracruz.com\/index.php\/2023\/12\/12\/fervor-guadalupano-a-canonazos\/","title":{"rendered":"Fervor Guadalupano a ca\u00f1onazos"},"content":{"rendered":"<p><span style=\"font-size: 14pt;\"><strong>Por: Luis Ram\u00edrez Baqueiro<\/strong><\/span><\/p>\n<p><span style=\"font-size: 12pt;\"><em>\u201cDesde los tiempos de Ad\u00e1n, los necios est\u00e1n en mayor\u00eda.\u201d \u2013 Casimir Delavigne.<\/em><\/span><\/p>\n<p><span style=\"font-size: 14pt;\">Con la conmemoraci\u00f3n del 492 aniversario de la aparici\u00f3n de la Virgen de Guadalupe, los mexicanos cat\u00f3licos y no cat\u00f3licos profesan su respeto, cari\u00f1o y amor por la considerada Emperatriz de Am\u00e9rica.<\/span><\/p>\n<p><span style=\"font-size: 14pt;\">De acuerdo a la Iglesia Cat\u00f3lica, la Virgen de Guadalupe se le apareci\u00f3 en cuatro ocasiones a Juan Diego. En uno de estos encuentros, ocurridos en 1531, la Virgen le pidi\u00f3 subir al Cerro del Tepeyac, recolectar varias flores con ayuda de su tilma y llev\u00e1rselas al obispo como prueba de su existencia.<\/span><\/p>\n<p><span style=\"font-size: 14pt;\">Al estar frente al religioso, Juan Diego extendi\u00f3 la prenda y de forma milagrosa, en ella qued\u00f3 plasmada la imagen de una virgen morena con rasgos mestizos.<\/span><\/p>\n<p><span style=\"font-size: 14pt;\">Estas apariciones marianas se sustentan en el <em>Nican Mopohua<\/em> \u2013c\u00f3dice n\u00e1huatl-, de 1556 atribuido al noble ind\u00edgena Antonio Valeriano, y que se construy\u00f3 a partir de los testimonios que el propio Juan Diego dio de viva voz.<\/span><\/p>\n<p><span style=\"font-size: 14pt;\">Muchos han se\u00f1alado a lo largo de la historia dos visiones encontradas, una a favor del milagro mariano de su aparici\u00f3n; otros, lo que pudi\u00e9ramos calificar de esc\u00e9pticos que consideran que fue simplemente un ardid de la Iglesia del Siglo XVI para pacificar a los pueblos originarios que no se somet\u00edan a la conquista cristiana.<\/span><\/p>\n<p><span style=\"font-size: 14pt;\">Sea cualquiera de las dos versiones, en la realidad, los mexicanos siguen profesando gran respeto y admiraci\u00f3n a la morenita del Tepeyac.<\/span><\/p>\n<p><span style=\"font-size: 14pt;\">Muchos afirman que, por ser una representaci\u00f3n ind\u00edgena de la virgen Mar\u00eda, el misterio guadalupano, ha calado hondo en el coraz\u00f3n, la fe y la esperanza de un pueblo como el nuestro, siempre necesitado del amor de la madre.<\/span><\/p>\n<p><span style=\"font-size: 14pt;\">Es en Mar\u00eda Sant\u00edsima de Guadalupe que el mexicano encuentra un punto de identidad nacional, sean o no creyentes.<\/span><\/p>\n<p><span style=\"font-size: 14pt;\">Todo mexicano que se jacta de serlo, puede decir que en su coraz\u00f3n al menos alguna vez le ha pedido algo a la morenita del Tepeyac.<\/span><\/p>\n<p><span style=\"font-size: 14pt;\">Esa fe, alcanza su culmen mediante de innumerables procesiones a los diversos santuarios Guadalupanos que se tienen en el territorio nacional, Xalapa cuenta con su Bas\u00edlica Menor en el Barrio del Dique, la cual cuenta con una r\u00e9plica de la imagen, que es ciertamente muy venerada por miles de cat\u00f3licos no solo de la regi\u00f3n centro del Estado, sino de muchas otras partes del mundo, que acuden en peregrinaci\u00f3n a presentarle sus respetos.<\/span><\/p>\n<p><span style=\"font-size: 14pt;\">Lo que es muy triste de lamentar en medio de este evento de alegr\u00eda y fervor religioso, es el nulo caso que los feligreses hacen a las autoridades municipales y estatales respecto al uso de pirotecnia en dichos recorridos.<\/span><\/p>\n<p><span style=\"font-size: 14pt;\">A pesar de que existe una ordenanza que proh\u00edbe la venta y\/o comercializaci\u00f3n de estos productos, las procesiones siguen llevando cohetones que anuncian su avance por las calles de la capital.<\/span><\/p>\n<p><span style=\"font-size: 14pt;\">Dichas explosiones representan un grave problema de contaminaci\u00f3n auditiva para la sociedad y especialmente provocan graves lesiones y afectaciones especialmente entre las mascotas de las colonias de la capital.<\/span><\/p>\n<p><span style=\"font-size: 14pt;\">Aunado a ello, el riesgo que representa la pirotecnia que pudiera provocar lesiones o incluso explosiones en algunas propiedades por posibles fugas de gas en algunas edificaciones de la ciudad.<\/span><\/p>\n<p><span style=\"font-size: 14pt;\">As\u00ed como la posible ca\u00edda de estas varillas o cohetones en las zonas arboladas de la ciudad, provocando un riesgo de incendio de pastizal o forestal en algunas de las pocas reservas ecol\u00f3gicas de la ciudad.<\/span><\/p>\n<p><span style=\"font-size: 14pt;\">Recientemente el director de Protecci\u00f3n Civil Municipal de Xalapa, Luis Sardi\u00f1a Salgado advirti\u00f3 en entrevista con este reportero que est\u00e1 estrictamente prohibido el uso de esta pirotecnia, con la sentencia de que intervendr\u00e1 la SEDENA, la Guardia Nacional, la Polic\u00eda Estatal y Municipal y dem\u00e1s autoridades que confiscar\u00e1n el material explosivo.<\/span><\/p>\n<p><span style=\"font-size: 14pt;\">Pero esperemos que no solo sea la incautaci\u00f3n del material, sino tambi\u00e9n vaya acompa\u00f1ado de verdaderas sanciones de orden econ\u00f3mico y porque no hasta con sanci\u00f3n pecuniaria, para que a esos hijos del p\u00edpila artillero se les quite la maldita costumbre de jugarle al vivo con algo que sabemos puede ser sumamente peligroso y de consecuencias funestas para la sociedad.<\/span><\/p>\n<p><span style=\"font-size: 14pt;\">Al rato cuando pierden una extremidad, o sucede algo peor, no digan, que no lo advertimos.<\/span><\/p>\n<p><span style=\"font-size: 14pt;\">\u00a0Al tiempo.<\/span><\/p>\n<p><img loading=\"lazy\" decoding=\"async\" class=\"alignnone wp-image-21850 size-full\" src=\"http:\/\/noticiasveracruz.com\/wp-content\/uploads\/2023\/12\/FIRMA-EDITORIAL-PD-2.jpg\" alt=\"\" width=\"1024\" height=\"125\" srcset=\"https:\/\/noticiasveracruz.com\/wp-content\/uploads\/2023\/12\/FIRMA-EDITORIAL-PD-2.jpg 1024w, https:\/\/noticiasveracruz.com\/wp-content\/uploads\/2023\/12\/FIRMA-EDITORIAL-PD-2-300x37.jpg 300w, https:\/\/noticiasveracruz.com\/wp-content\/uploads\/2023\/12\/FIRMA-EDITORIAL-PD-2-768x94.jpg 768w\" sizes=\"auto, (max-width: 1024px) 100vw, 1024px\" \/><\/p>\n","protected":false},"excerpt":{"rendered":"<p>Por: Luis Ram\u00edrez Baqueiro \u201cDesde los tiempos de Ad\u00e1n, los necios est\u00e1n en mayor\u00eda.\u201d \u2013 Casimir Delavigne. Con la conmemoraci\u00f3n<\/p>\n","protected":false},"author":4,"featured_media":3572,"comment_status":"closed","ping_status":"closed","sticky":false,"template":"","format":"standard","meta":{"colormag_page_container_layout":"default_layout","colormag_page_sidebar_layout":"default_layout","_jetpack_memberships_contains_paid_content":false,"footnotes":"","jetpack_publicize_message":"","jetpack_publicize_feature_enabled":true,"jetpack_social_post_already_shared":true,"jetpack_social_options":{"image_generator_settings":{"template":"highway","default_image_id":0,"font":"","enabled":false},"version":2}},"categories":[6],"tags":[],"class_list":["post-21988","post","type-post","status-publish","format-standard","has-post-thumbnail","hentry","category-columnistas"],"jetpack_publicize_connections":[],"jetpack_featured_media_url":"https:\/\/noticiasveracruz.com\/wp-content\/uploads\/2022\/04\/LUIS-RAMI\u0301REZ-BAQUEIRO.png","jetpack_sharing_enabled":true,"publishpress_future_action":{"enabled":false,"date":"2026-05-09 00:03:37","action":"change-status","newStatus":"draft","terms":[],"taxonomy":"category","extraData":[]},"publishpress_future_workflow_manual_trigger":{"enabledWorkflows":[]},"_links":{"self":[{"href":"https:\/\/noticiasveracruz.com\/index.php\/wp-json\/wp\/v2\/posts\/21988","targetHints":{"allow":["GET"]}}],"collection":[{"href":"https:\/\/noticiasveracruz.com\/index.php\/wp-json\/wp\/v2\/posts"}],"about":[{"href":"https:\/\/noticiasveracruz.com\/index.php\/wp-json\/wp\/v2\/types\/post"}],"author":[{"embeddable":true,"href":"https:\/\/noticiasveracruz.com\/index.php\/wp-json\/wp\/v2\/users\/4"}],"replies":[{"embeddable":true,"href":"https:\/\/noticiasveracruz.com\/index.php\/wp-json\/wp\/v2\/comments?post=21988"}],"version-history":[{"count":0,"href":"https:\/\/noticiasveracruz.com\/index.php\/wp-json\/wp\/v2\/posts\/21988\/revisions"}],"wp:featuredmedia":[{"embeddable":true,"href":"https:\/\/noticiasveracruz.com\/index.php\/wp-json\/wp\/v2\/media\/3572"}],"wp:attachment":[{"href":"https:\/\/noticiasveracruz.com\/index.php\/wp-json\/wp\/v2\/media?parent=21988"}],"wp:term":[{"taxonomy":"category","embeddable":true,"href":"https:\/\/noticiasveracruz.com\/index.php\/wp-json\/wp\/v2\/categories?post=21988"},{"taxonomy":"post_tag","embeddable":true,"href":"https:\/\/noticiasveracruz.com\/index.php\/wp-json\/wp\/v2\/tags?post=21988"}],"curies":[{"name":"wp","href":"https:\/\/api.w.org\/{rel}","templated":true}]}}