{"id":21984,"date":"2023-12-12T10:03:00","date_gmt":"2023-12-12T16:03:00","guid":{"rendered":"https:\/\/noticiasveracruz.com\/?p=21984"},"modified":"2023-12-12T10:03:00","modified_gmt":"2023-12-12T16:03:00","slug":"la-camara-baja-francesa-rechaza-proyecto-de-ley-de-inmigracion-de-macron","status":"publish","type":"post","link":"https:\/\/noticiasveracruz.com\/index.php\/2023\/12\/12\/la-camara-baja-francesa-rechaza-proyecto-de-ley-de-inmigracion-de-macron\/","title":{"rendered":"La C\u00e1mara Baja francesa rechaza proyecto de ley de inmigraci\u00f3n de Macron"},"content":{"rendered":"<p><span style=\"font-size: 14pt;\">Par\u00eds.- Legisladores franceses rechazaron el lunes un proyecto de ley de inmigraci\u00f3n del gobierno, una decisi\u00f3n sorpresa que asest\u00f3 un golpe a los intentos del presidente Emmanuel Macron de aprobar leyes sin mayor\u00eda.<\/span><\/p>\n<p><span style=\"font-size: 14pt;\">Los legisladores del partido de extrema derecha de Marine Le Pen, as\u00ed como muchos\u00a0conservadores, unieron sus fuerzas para rechazar el proyecto de ley en su primer d\u00eda en la\u00a0Asamblea Nacional, adoptando una moci\u00f3n propuesta por los Verdes, que fue aprobada por\u00a0s\u00f3lo dos votos.<\/span><\/p>\n<p><span style=\"font-size: 14pt;\">El rechazo no significa que el gobierno tenga que dimitir y no es el fin del proyecto de ley de\u00a0inmigraci\u00f3n.<\/span><\/p>\n<p><span style=\"font-size: 14pt;\">El ministro del Interior, Gerald Darmanin, que present\u00f3 el proyecto de ley ante la C\u00e1mara\u00a0Baja del Parlamento antes de su rechazo, dijo que hab\u00eda ofrecido su dimisi\u00f3n durante una\u00a0reuni\u00f3n con Macron.<\/span><\/p>\n<p><span style=\"font-size: 14pt;\">Pero Macron se opuso a la renuncia, dijo Darmanin a TF1, a\u00f1adiendo que el presidente le\u00a0hab\u00eda pedido, y a la primera ministra, Elisabeth Borne, que encontraran otra forma de\u00a0presentar el proyecto de ley.<\/span><\/p>\n<p><span style=\"font-size: 14pt;\">El gobierno puede decidir ahora devolverlo a la C\u00e1mara Alta, enviarlo a una comisi\u00f3n mixta\u00a0de senadores y diputados para encontrar un consenso, o retirarlo, lo que es poco probable.\u00a0<\/span><\/p>\n<p><span style=\"font-size: 14pt;\">Tambi\u00e9n puede utilizar poderes ejecutivos especiales para forzar su aprobaci\u00f3n sin una\u00a0votaci\u00f3n. \u00abHe presentado mi dimisi\u00f3n porque es normal hacerlo cuando se fracasa (&#8230;) veremos lo que\u00a0decidimos (&#8230;) Esta noche nos reuniremos con el primer ministro, el presidente nos ha pedido\u00a0que le presentemos ma\u00f1ana la pr\u00f3xima etapa para el proyecto de ley\u00bb, declar\u00f3 Darmanin a\u00a0TF1.<\/span><\/p>\n<p><span style=\"font-size: 14pt;\">El proyecto de ley de inmigraci\u00f3n ha sido un pilar de los intentos de Macron de mostrar que\u00a0puede ser m\u00e1s duro en cuestiones de ley y orden al mismo tiempo que mantiene las puertas de\u00a0Francia abiertas a los trabajadores extranjeros que pueden ayudar a la econom\u00eda.\u00a0<\/span><\/p>\n<p><span style=\"font-size: 14pt;\">Sin embargo, a falta de una mayor\u00eda en el Parlamento, Macron ha tenido dificultades para\u00a0aprobar un proyecto de ley que contiene disposiciones estrictas que no gustan a los\u00a0legisladores de izquierda y aspectos m\u00e1s liberales criticados por algunos conservadores y la\u00a0extrema derecha.<\/span><\/p>\n","protected":false},"excerpt":{"rendered":"<p>Par\u00eds.- Legisladores franceses rechazaron el lunes un proyecto de ley de inmigraci\u00f3n del gobierno, una decisi\u00f3n sorpresa que asest\u00f3 un<\/p>\n","protected":false},"author":4,"featured_media":21985,"comment_status":"closed","ping_status":"closed","sticky":false,"template":"","format":"standard","meta":{"colormag_page_container_layout":"default_layout","colormag_page_sidebar_layout":"default_layout","_jetpack_memberships_contains_paid_content":false,"footnotes":"","jetpack_publicize_message":"","jetpack_publicize_feature_enabled":true,"jetpack_social_post_already_shared":true,"jetpack_social_options":{"image_generator_settings":{"template":"highway","default_image_id":0,"font":"","enabled":false},"version":2}},"categories":[355],"tags":[],"class_list":["post-21984","post","type-post","status-publish","format-standard","has-post-thumbnail","hentry","category-internacional"],"jetpack_publicize_connections":[],"jetpack_featured_media_url":"https:\/\/noticiasveracruz.com\/wp-content\/uploads\/2023\/12\/95912413_macron.jpg","jetpack_sharing_enabled":true,"publishpress_future_action":{"enabled":false,"date":"2026-05-09 00:57:17","action":"change-status","newStatus":"draft","terms":[],"taxonomy":"category","extraData":[]},"publishpress_future_workflow_manual_trigger":{"enabledWorkflows":[]},"_links":{"self":[{"href":"https:\/\/noticiasveracruz.com\/index.php\/wp-json\/wp\/v2\/posts\/21984","targetHints":{"allow":["GET"]}}],"collection":[{"href":"https:\/\/noticiasveracruz.com\/index.php\/wp-json\/wp\/v2\/posts"}],"about":[{"href":"https:\/\/noticiasveracruz.com\/index.php\/wp-json\/wp\/v2\/types\/post"}],"author":[{"embeddable":true,"href":"https:\/\/noticiasveracruz.com\/index.php\/wp-json\/wp\/v2\/users\/4"}],"replies":[{"embeddable":true,"href":"https:\/\/noticiasveracruz.com\/index.php\/wp-json\/wp\/v2\/comments?post=21984"}],"version-history":[{"count":0,"href":"https:\/\/noticiasveracruz.com\/index.php\/wp-json\/wp\/v2\/posts\/21984\/revisions"}],"wp:featuredmedia":[{"embeddable":true,"href":"https:\/\/noticiasveracruz.com\/index.php\/wp-json\/wp\/v2\/media\/21985"}],"wp:attachment":[{"href":"https:\/\/noticiasveracruz.com\/index.php\/wp-json\/wp\/v2\/media?parent=21984"}],"wp:term":[{"taxonomy":"category","embeddable":true,"href":"https:\/\/noticiasveracruz.com\/index.php\/wp-json\/wp\/v2\/categories?post=21984"},{"taxonomy":"post_tag","embeddable":true,"href":"https:\/\/noticiasveracruz.com\/index.php\/wp-json\/wp\/v2\/tags?post=21984"}],"curies":[{"name":"wp","href":"https:\/\/api.w.org\/{rel}","templated":true}]}}