{"id":21978,"date":"2023-12-12T09:53:22","date_gmt":"2023-12-12T15:53:22","guid":{"rendered":"https:\/\/noticiasveracruz.com\/?p=21978"},"modified":"2023-12-12T09:53:22","modified_gmt":"2023-12-12T15:53:22","slug":"reduce-javier-milei-de-18-a-nueve-la-cifra-de-ministerios","status":"publish","type":"post","link":"https:\/\/noticiasveracruz.com\/index.php\/2023\/12\/12\/reduce-javier-milei-de-18-a-nueve-la-cifra-de-ministerios\/","title":{"rendered":"Reduce Javier Milei de 18 a nueve la cifra de ministerios"},"content":{"rendered":"<div class=\"text\">\n<div class=\"col\">\n<p class=\"s-s\"><span style=\"font-size: 14pt;\">Buenos Aires.- El presidente Javier Milei anunci\u00f3 su primer Decreto de Necesidad y Urgencia (DNU) mediante el cual redujo la cantidad de ministerios de 18 a nueve: Relaciones Exteriores, Econom\u00eda, Seguridad, Justicia, Defensa, Interior, Salud, Infraestrutura y Capital Humano, con lo que desaparece una importante cantidad de secretar\u00edas y sin duda contribuir\u00e1 al deterioro de las instituciones.<\/span><\/p>\n<p><span style=\"font-size: 14pt;\">El Ministerio de Mujeres, G\u00e9nero y Diversidades es una de las tantas que est\u00e1n ahora bajo el mandato de la ministra de Capital Humano, Sandra Petovello, sin ninguna experiencia previa. Capital Humano incorpora adem\u00e1s lo que hasta el domingo pasado eran las carteras de Educaci\u00f3n, Salud, Trabajo y Desarrollo Social.<\/span><\/p>\n<p><span style=\"font-size: 14pt;\">Karina Milei, la hermana del mandatario, es la secretaria general de la Presidencia. El resto de ministerios \u2013Ciencia e Innovaci\u00f3n, Medio Ambiente, Turismo y Deporte, entre otros\u2013 ser\u00e1n absorbidos por otras carteras.<\/span><\/p>\n<p><span style=\"font-size: 14pt;\">El ministerio de Justicia y Derechos Humanos pasa a llamarse solamente de Justicia, y su titular ser\u00e1 el juez Alberto Julio Ba\u00f1os, quien hab\u00eda sido criticado por la Secretar\u00eda de Justicia y Derechos Humanos, porque estaba cargo de la investigaci\u00f3n sobre la de-saparici\u00f3n de un oficial de polic\u00eda de la ciudad de Buenos Aires, Arshak Karhanyan, por lo que deb\u00eda separar a esta instituci\u00f3n de investigar los hechos, ya que era precisamente el centro del problema.<\/span><\/p>\n<p><span style=\"font-size: 14pt;\">El agente, de 28 a\u00f1os, desapareci\u00f3 en febrero de 2019, despu\u00e9s de que se le vio hablando con otro polic\u00eda que le hizo escuchar un mensaje. El comportamiento de la polic\u00eda de la ciudad fue objetado, ya que a pesar de que se les entreg\u00f3 los celulares del joven, perdi\u00f3 todos los datos periciales, no respondi\u00f3 por qu\u00e9 no funcionaron todas las c\u00e1maras del lugar de la desaparici\u00f3n y otra serie de graves irregularidades.<\/span><\/p>\n<p><span style=\"font-size: 14pt;\">El encubrimiento era evidente y la familia solicit\u00f3 que se cambiara la pesquisa por\u00a0<q>desaparici\u00f3n forzada<\/q>, lo que tanto el juez Ba\u00f1os como la fiscal\u00eda rechazaron. Por esta raz\u00f3n, la Secretar\u00eda de Justicia y Derechos Humanos hab\u00eda pedido el apartamiento del juez que ahora ser\u00e1 titular de Justicia en remplazo de Horacio Pietragalla, hijo de desaparecidos durante la pasada dictadura.<\/span><\/p>\n<p><span style=\"font-size: 14pt;\">Los interrogantes en este caso son demasiados y hay sectores que se\u00f1alan las presiones del Personal Militar Asociaci\u00f3n Civil, que hab\u00eda enviado una carta a Milei para pedirle cerrar Derechos Humanos, a la que acusan de ser responsable de los juicios a genocidas y que ellos llaman\u00a0<q>de la venganza<\/q>.<\/span><\/p>\n<p><span style=\"font-size: 14pt;\">Tambi\u00e9n, como los militares condenados por cr\u00edmenes de lesa humanidad de la pasada dictadura militar piden que se acabe la pol\u00edtica de Memoria, Verdad y Justicia, el lema clave de los organismos de derechos humanos en este pa\u00eds, que encabeza la lucha contra la impunidad, por lo cual ha sido reconocido en el mundo.<\/span><\/p>\n<p><span style=\"font-size: 14pt;\">De esta manera el juez Ba\u00f1os queda al frente de esa pol\u00edtica y de los Centros Clandestinos de Detenci\u00f3n que son claves para la conservaci\u00f3n de la memoria y de los cuales desaparecieron alrededor de 30 mil v\u00edctimas de la dictadura y tambi\u00e9n se ocupa de la violencia policial e institucional.<\/span><\/p>\n<p><span style=\"font-size: 14pt;\">Esta decisi\u00f3n marca un camino escabroso para las pol\u00edticas de derechos humanos, que se une a la incertidumbre y el desasosiego como sostiene el economista, Ricardo Aronskin en una nota en\u00a0<em>P\u00e1gina\/12<\/em>, quien analiz\u00f3 el discurso de Milei considerando que no fue un an\u00e1lisis econ\u00f3mico,\u00a0<q>sino una pieza publicitaria<\/q>.<\/span><\/p>\n<p><span style=\"font-size: 14pt;\">\u201cEl objetivo del discurso es presentar un panorama dantesco lo suficientemente aterrorizante para decir que no queda otra opci\u00f3n que el ajuste o el\u00a0<em>shock,<\/em>\u00a0mientras la situaci\u00f3n econ\u00f3mica del pa\u00eds de ninguna forma justifica un\u00a0<em>shock\u00a0<\/em>con un conjunto de medidas profundamente recesivas como las que se est\u00e1n pesando tomar, muchas pertenecientes al terreno de la fantas\u00eda, como 15 mil por ciento de inflaci\u00f3n\u201d, explic\u00f3.<\/span><\/p>\n<p><span style=\"font-size: 14pt;\">Milei efectu\u00f3 ayer su primera reuni\u00f3n de gabinete, y resolvi\u00f3 restricciones operativas que afectaron el mercado cambiario. Este martes se dar\u00edan a conocer las primeras medidas econ\u00f3micas. Pero las perspectivas son muy graves para la poblaci\u00f3n.<\/span><\/p>\n<\/div>\n<\/div>\n","protected":false},"excerpt":{"rendered":"<p>Buenos Aires.- El presidente Javier Milei anunci\u00f3 su primer Decreto de Necesidad y Urgencia (DNU) mediante el cual redujo la<\/p>\n","protected":false},"author":4,"featured_media":21979,"comment_status":"closed","ping_status":"closed","sticky":false,"template":"","format":"standard","meta":{"colormag_page_container_layout":"default_layout","colormag_page_sidebar_layout":"default_layout","_jetpack_memberships_contains_paid_content":false,"footnotes":"","jetpack_publicize_message":"","jetpack_publicize_feature_enabled":true,"jetpack_social_post_already_shared":true,"jetpack_social_options":{"image_generator_settings":{"template":"highway","default_image_id":0,"font":"","enabled":false},"version":2}},"categories":[355],"tags":[],"class_list":["post-21978","post","type-post","status-publish","format-standard","has-post-thumbnail","hentry","category-internacional"],"jetpack_publicize_connections":[],"jetpack_featured_media_url":"https:\/\/noticiasveracruz.com\/wp-content\/uploads\/2023\/12\/efe-milei192873.jpg","jetpack_sharing_enabled":true,"publishpress_future_action":{"enabled":false,"date":"2026-05-07 09:47:05","action":"change-status","newStatus":"draft","terms":[],"taxonomy":"category","extraData":[]},"publishpress_future_workflow_manual_trigger":{"enabledWorkflows":[]},"_links":{"self":[{"href":"https:\/\/noticiasveracruz.com\/index.php\/wp-json\/wp\/v2\/posts\/21978","targetHints":{"allow":["GET"]}}],"collection":[{"href":"https:\/\/noticiasveracruz.com\/index.php\/wp-json\/wp\/v2\/posts"}],"about":[{"href":"https:\/\/noticiasveracruz.com\/index.php\/wp-json\/wp\/v2\/types\/post"}],"author":[{"embeddable":true,"href":"https:\/\/noticiasveracruz.com\/index.php\/wp-json\/wp\/v2\/users\/4"}],"replies":[{"embeddable":true,"href":"https:\/\/noticiasveracruz.com\/index.php\/wp-json\/wp\/v2\/comments?post=21978"}],"version-history":[{"count":0,"href":"https:\/\/noticiasveracruz.com\/index.php\/wp-json\/wp\/v2\/posts\/21978\/revisions"}],"wp:featuredmedia":[{"embeddable":true,"href":"https:\/\/noticiasveracruz.com\/index.php\/wp-json\/wp\/v2\/media\/21979"}],"wp:attachment":[{"href":"https:\/\/noticiasveracruz.com\/index.php\/wp-json\/wp\/v2\/media?parent=21978"}],"wp:term":[{"taxonomy":"category","embeddable":true,"href":"https:\/\/noticiasveracruz.com\/index.php\/wp-json\/wp\/v2\/categories?post=21978"},{"taxonomy":"post_tag","embeddable":true,"href":"https:\/\/noticiasveracruz.com\/index.php\/wp-json\/wp\/v2\/tags?post=21978"}],"curies":[{"name":"wp","href":"https:\/\/api.w.org\/{rel}","templated":true}]}}