{"id":21963,"date":"2023-12-12T09:28:02","date_gmt":"2023-12-12T15:28:02","guid":{"rendered":"https:\/\/noticiasveracruz.com\/?p=21963"},"modified":"2023-12-12T09:28:02","modified_gmt":"2023-12-12T15:28:02","slug":"peso-cotiza-a-17-37-por-dolar-mercados-financieros-operan-con-cautela","status":"publish","type":"post","link":"https:\/\/noticiasveracruz.com\/index.php\/2023\/12\/12\/peso-cotiza-a-17-37-por-dolar-mercados-financieros-operan-con-cautela\/","title":{"rendered":"Peso cotiza a 17.37 por d\u00f3lar; mercados financieros operan con cautela"},"content":{"rendered":"<p><span style=\"font-size: 14pt;\">La inflaci\u00f3n en Estados Unidos fue de 3.1 por ciento a tasa anual en noviembre, en l\u00ednea con lo esperado por el mercado, y por debajo de 3.2 por ciento previo.<\/span><\/p>\n<p><span style=\"font-size: 14pt;\">Los precios al consumidor estadunidense sumaron cinco meses con tendencia descendente consecutivos. En tanto, el IPC subyacente de Estados Unidos, la que marca tendencia en el mediano y largo plazo, se estanc\u00f3, pues fue de 4.0 por ciento interanual (pron\u00f3stico 4.0 por ciento, anterior 4.0 por ciento).<\/span><\/p>\n<p><span style=\"font-size: 14pt;\">Ambas cifras van en l\u00ednea con lo previsto por los analistas, que ve\u00edan un leve repliegue en el IPC desde 3.2 por ciento y no esperaban cambio alguno en la tasa subyacente.<\/span><\/p>\n<p><span style=\"font-size: 14pt;\">Adem\u00e1s, los precios aumentaron 0.1 por ciento respecto al mes anterior, debido sobre todo a la bajada de los precios de la energ\u00eda.<\/span><\/p>\n<p><span style=\"font-size: 14pt;\">En v\u00edsperas de la \u00faltima decisi\u00f3n de pol\u00edtica monetaria del a\u00f1o de la Reserva Federal y del Banco de M\u00e9xico, el dato de inflaci\u00f3n estadunidense est\u00e1 en l\u00ednea y con un proceso de descenso m\u00e1s lento.<\/span><\/p>\n<p><span style=\"font-size: 14pt;\">Hoy es feriado en M\u00e9xico, pero el peso mexicano opera en alrededor de 17.3744 unidades por d\u00f3lar.<\/span><\/p>\n<p><span style=\"font-size: 14pt;\">El d\u00f3lar, por su parte, presenta una depreciaci\u00f3n frente a sus principales seis cruces de 0.27 por ciento, a 103.424 unidades.<\/span><\/p>\n<p><span style=\"font-size: 14pt;\">Por su parte, Wall Street opera mixto, con el S&amp;P 500 a la baja marginalmente.<\/span><\/p>\n","protected":false},"excerpt":{"rendered":"<p>La inflaci\u00f3n en Estados Unidos fue de 3.1 por ciento a tasa anual en noviembre, en l\u00ednea con lo esperado<\/p>\n","protected":false},"author":4,"featured_media":21964,"comment_status":"closed","ping_status":"closed","sticky":false,"template":"","format":"standard","meta":{"colormag_page_container_layout":"default_layout","colormag_page_sidebar_layout":"default_layout","_jetpack_memberships_contains_paid_content":false,"footnotes":"","jetpack_publicize_message":"","jetpack_publicize_feature_enabled":true,"jetpack_social_post_already_shared":true,"jetpack_social_options":{"image_generator_settings":{"template":"highway","default_image_id":0,"font":"","enabled":false},"version":2}},"categories":[1947],"tags":[],"class_list":["post-21963","post","type-post","status-publish","format-standard","has-post-thumbnail","hentry","category-economia"],"jetpack_publicize_connections":[],"jetpack_featured_media_url":"https:\/\/noticiasveracruz.com\/wp-content\/uploads\/2023\/12\/Peso-mexicano-mayo-2023-04.jpg","jetpack_sharing_enabled":true,"publishpress_future_action":{"enabled":false,"date":"2026-05-07 06:58:27","action":"change-status","newStatus":"draft","terms":[],"taxonomy":"category","extraData":[]},"publishpress_future_workflow_manual_trigger":{"enabledWorkflows":[]},"_links":{"self":[{"href":"https:\/\/noticiasveracruz.com\/index.php\/wp-json\/wp\/v2\/posts\/21963","targetHints":{"allow":["GET"]}}],"collection":[{"href":"https:\/\/noticiasveracruz.com\/index.php\/wp-json\/wp\/v2\/posts"}],"about":[{"href":"https:\/\/noticiasveracruz.com\/index.php\/wp-json\/wp\/v2\/types\/post"}],"author":[{"embeddable":true,"href":"https:\/\/noticiasveracruz.com\/index.php\/wp-json\/wp\/v2\/users\/4"}],"replies":[{"embeddable":true,"href":"https:\/\/noticiasveracruz.com\/index.php\/wp-json\/wp\/v2\/comments?post=21963"}],"version-history":[{"count":0,"href":"https:\/\/noticiasveracruz.com\/index.php\/wp-json\/wp\/v2\/posts\/21963\/revisions"}],"wp:featuredmedia":[{"embeddable":true,"href":"https:\/\/noticiasveracruz.com\/index.php\/wp-json\/wp\/v2\/media\/21964"}],"wp:attachment":[{"href":"https:\/\/noticiasveracruz.com\/index.php\/wp-json\/wp\/v2\/media?parent=21963"}],"wp:term":[{"taxonomy":"category","embeddable":true,"href":"https:\/\/noticiasveracruz.com\/index.php\/wp-json\/wp\/v2\/categories?post=21963"},{"taxonomy":"post_tag","embeddable":true,"href":"https:\/\/noticiasveracruz.com\/index.php\/wp-json\/wp\/v2\/tags?post=21963"}],"curies":[{"name":"wp","href":"https:\/\/api.w.org\/{rel}","templated":true}]}}