{"id":21951,"date":"2023-12-12T09:12:28","date_gmt":"2023-12-12T15:12:28","guid":{"rendered":"https:\/\/noticiasveracruz.com\/?p=21951"},"modified":"2023-12-12T09:12:28","modified_gmt":"2023-12-12T15:12:28","slug":"afirma-galvez-que-denunciara-a-amlo-por-hacer-llamado-al-voto","status":"publish","type":"post","link":"https:\/\/noticiasveracruz.com\/index.php\/2023\/12\/12\/afirma-galvez-que-denunciara-a-amlo-por-hacer-llamado-al-voto\/","title":{"rendered":"Afirma G\u00e1lvez que denunciar\u00e1 a AMLO por hacer llamado al voto"},"content":{"rendered":"<p><span style=\"font-size: 14pt;\">La precandidata al Ejecutivo federal por la coalici\u00f3n Fuerza y Coraz\u00f3n por M\u00e9xico (PRI-PAN-PRD), X\u00f3chitl G\u00e1lvez Ruiz, adelant\u00f3 que presentar\u00e1 una denuncia contra el presidente Andr\u00e9s Manuel L\u00f3pez Obrador, pues \u201cel haber desde ayer (el domingo) hecho un llamado a que voten por sus diputados es absolutamente ilegal\u201d.<\/span><\/p>\n<p><span style=\"font-size: 14pt;\">En entrevista colectiva que ofreci\u00f3 ayer en Ciudad Valles, reiter\u00f3 que L\u00f3pez Obrador \u201ces el jefe de campa\u00f1a de la se\u00f1ora\u201d, en alusi\u00f3n a Claudia Sheinbaum, a quien no mencion\u00f3 por su nombre. Agreg\u00f3 que \u201ces inaceptable lo que el Presidente est\u00e1 haciendo desde su ma\u00f1anera apoyando a una candidata a la Presidencia\u201d.<\/span><\/p>\n<p><span style=\"font-size: 14pt;\">Por la ma\u00f1ana, mediante un video que difundi\u00f3 en redes sociales, G\u00e1lvez Ruiz pidi\u00f3 al Presidente \u201cno hacer trampa\u201d, y expres\u00f3 \u201csu preocupaci\u00f3n al ver c\u00f3mo interviene a diario en el proceso electoral\u201d.<\/span><\/p>\n<p><span style=\"font-size: 14pt;\">Abund\u00f3 al respecto: \u201cYo no le voy a decir \u2018c\u00e1llese chachalaca\u2019, porque me parece una falta de respeto. A diferencia de usted, yo s\u00ed respeto las leyes, las instituciones y la investidura presidencial\u201d.<\/span><\/p>\n<p><span style=\"font-size: 14pt;\">La aspirante opositora dijo tambi\u00e9n que L\u00f3pez Obrador \u201cabandon\u00f3 al campo, le quit\u00f3 una serie de programas que eran claves en materia de financiamiento, en materia de cobertura, en materia sobre todo fertilizantes, llegaron tarde, y sobre todo la falta de tecnificaci\u00f3n del campo, porque al haber poca agua sigue habiendo riego rodado y eso hace muy poco efectivo el riego en el campo\u201d.<\/span><\/p>\n<p><span style=\"font-size: 14pt;\">En ese sentido, propuso \u201capostarle a infraestructura h\u00eddrica, quiz\u00e1 es la parte m\u00e1s importante en la Huasteca, la infraestructura h\u00eddrica, obviamente financiamiento me parece que es clave y tambi\u00e9n regresar el apoyo a la infraestructura, est\u00e1n muy abandonados los caminos rurales, est\u00e1n en muy malas condiciones\u201d.<\/span><\/p>\n","protected":false},"excerpt":{"rendered":"<p>La precandidata al Ejecutivo federal por la coalici\u00f3n Fuerza y Coraz\u00f3n por M\u00e9xico (PRI-PAN-PRD), X\u00f3chitl G\u00e1lvez Ruiz, adelant\u00f3 que presentar\u00e1<\/p>\n","protected":false},"author":4,"featured_media":21952,"comment_status":"closed","ping_status":"closed","sticky":false,"template":"","format":"standard","meta":{"colormag_page_container_layout":"default_layout","colormag_page_sidebar_layout":"default_layout","_jetpack_memberships_contains_paid_content":false,"footnotes":"","jetpack_publicize_message":"","jetpack_publicize_feature_enabled":true,"jetpack_social_post_already_shared":true,"jetpack_social_options":{"image_generator_settings":{"template":"highway","default_image_id":0,"font":"","enabled":false},"version":2}},"categories":[4],"tags":[],"class_list":["post-21951","post","type-post","status-publish","format-standard","has-post-thumbnail","hentry","category-nacional"],"jetpack_publicize_connections":[],"jetpack_featured_media_url":"https:\/\/noticiasveracruz.com\/wp-content\/uploads\/2023\/12\/7a5103e41a1d6ed3632d16106588ad24150a070c.jpg","jetpack_sharing_enabled":true,"publishpress_future_action":{"enabled":false,"date":"2026-05-08 19:52:13","action":"change-status","newStatus":"draft","terms":[],"taxonomy":"category","extraData":[]},"publishpress_future_workflow_manual_trigger":{"enabledWorkflows":[]},"_links":{"self":[{"href":"https:\/\/noticiasveracruz.com\/index.php\/wp-json\/wp\/v2\/posts\/21951","targetHints":{"allow":["GET"]}}],"collection":[{"href":"https:\/\/noticiasveracruz.com\/index.php\/wp-json\/wp\/v2\/posts"}],"about":[{"href":"https:\/\/noticiasveracruz.com\/index.php\/wp-json\/wp\/v2\/types\/post"}],"author":[{"embeddable":true,"href":"https:\/\/noticiasveracruz.com\/index.php\/wp-json\/wp\/v2\/users\/4"}],"replies":[{"embeddable":true,"href":"https:\/\/noticiasveracruz.com\/index.php\/wp-json\/wp\/v2\/comments?post=21951"}],"version-history":[{"count":0,"href":"https:\/\/noticiasveracruz.com\/index.php\/wp-json\/wp\/v2\/posts\/21951\/revisions"}],"wp:featuredmedia":[{"embeddable":true,"href":"https:\/\/noticiasveracruz.com\/index.php\/wp-json\/wp\/v2\/media\/21952"}],"wp:attachment":[{"href":"https:\/\/noticiasveracruz.com\/index.php\/wp-json\/wp\/v2\/media?parent=21951"}],"wp:term":[{"taxonomy":"category","embeddable":true,"href":"https:\/\/noticiasveracruz.com\/index.php\/wp-json\/wp\/v2\/categories?post=21951"},{"taxonomy":"post_tag","embeddable":true,"href":"https:\/\/noticiasveracruz.com\/index.php\/wp-json\/wp\/v2\/tags?post=21951"}],"curies":[{"name":"wp","href":"https:\/\/api.w.org\/{rel}","templated":true}]}}