{"id":21940,"date":"2023-12-12T09:00:28","date_gmt":"2023-12-12T15:00:28","guid":{"rendered":"https:\/\/noticiasveracruz.com\/?p=21940"},"modified":"2023-12-12T09:00:28","modified_gmt":"2023-12-12T15:00:28","slug":"mas-de-3-millones-visitaron-ayer-a-la-guadalupana","status":"publish","type":"post","link":"https:\/\/noticiasveracruz.com\/index.php\/2023\/12\/12\/mas-de-3-millones-visitaron-ayer-a-la-guadalupana\/","title":{"rendered":"M\u00e1s de 3 millones visitaron ayer a la Guadalupana"},"content":{"rendered":"<p class=\"s-s\"><span style=\"font-size: 14pt;\">Ni la lluvia intermitente de la tarde brumosa ni el fr\u00edo, que a la medianoche rond\u00f3 10 grados cent\u00edgrados, desanimaron a los fieles de la Virgen de Guadalupe que acudieron la v\u00edspera de este 12 de diciembre a celebrar a <q>la patrona de M\u00e9xico<\/q>. Seg\u00fan los reportes oficiales, se contabiliz\u00f3 una asistencia r\u00e9cord a la Bas\u00edlica de m\u00e1s de 3 millones 100 mil de personas hacia las 22 horas, la cual se incrementar\u00eda durante la madrugada.<\/span><\/p>\n<p><img loading=\"lazy\" decoding=\"async\" class=\"alignnone size-medium wp-image-21941\" src=\"http:\/\/noticiasveracruz.com\/wp-content\/uploads\/2023\/12\/En-este-2023-la-Virgen-de-Guadalupe-cumple-492-anos-de-su-primera-aparicion-en-el-Cerro-del-Tepeyac-300x169.jpg\" alt=\"\" width=\"300\" height=\"169\" srcset=\"https:\/\/noticiasveracruz.com\/wp-content\/uploads\/2023\/12\/En-este-2023-la-Virgen-de-Guadalupe-cumple-492-anos-de-su-primera-aparicion-en-el-Cerro-del-Tepeyac-300x169.jpg 300w, https:\/\/noticiasveracruz.com\/wp-content\/uploads\/2023\/12\/En-este-2023-la-Virgen-de-Guadalupe-cumple-492-anos-de-su-primera-aparicion-en-el-Cerro-del-Tepeyac-1024x576.jpg 1024w, https:\/\/noticiasveracruz.com\/wp-content\/uploads\/2023\/12\/En-este-2023-la-Virgen-de-Guadalupe-cumple-492-anos-de-su-primera-aparicion-en-el-Cerro-del-Tepeyac-768x432.jpg 768w, https:\/\/noticiasveracruz.com\/wp-content\/uploads\/2023\/12\/En-este-2023-la-Virgen-de-Guadalupe-cumple-492-anos-de-su-primera-aparicion-en-el-Cerro-del-Tepeyac.jpg 1200w\" sizes=\"auto, (max-width: 300px) 100vw, 300px\" \/><\/p>\n<p><span style=\"font-size: 14pt;\">Las autoridades informaron que la afluencia era mayor en comparaci\u00f3n a los n\u00fameros del a\u00f1o pasado, cuando a la misma hora se contabiliz\u00f3 un mill\u00f3n de visitantes. En total, 11 millones de peregrinos visitaron el espacio religioso en 2022 desde el 8 de diciembre hasta las primeras horas del 12 de diciembre. Ahora se esperaba una concurrencia mayor.<\/span><\/p>\n<p><span style=\"font-size: 14pt;\">A las 22 horas de este lunes, los alrededores del recinto religioso, al pie del cerro del Tepeyac, en el norte de la ciudad, luc\u00edan repletos. Sin embargo, el mar de personas es organizado. La variedad de visitantes a quienes une su fe, comen algo, descansan o trasiegan lentamente. Hay una algarab\u00eda en las afueras del recinto que contrasta con la ceremoniosidad del interior, en un orden casi mudo entre la mayor\u00eda de ellos, cobijados por la alegr\u00eda de haber llegado a esta multitudinaria cita mariana.<\/span><\/p>\n","protected":false},"excerpt":{"rendered":"<p>Ni la lluvia intermitente de la tarde brumosa ni el fr\u00edo, que a la medianoche rond\u00f3 10 grados cent\u00edgrados, desanimaron<\/p>\n","protected":false},"author":4,"featured_media":21942,"comment_status":"closed","ping_status":"closed","sticky":false,"template":"","format":"standard","meta":{"colormag_page_container_layout":"default_layout","colormag_page_sidebar_layout":"default_layout","_jetpack_memberships_contains_paid_content":false,"footnotes":"","jetpack_publicize_message":"","jetpack_publicize_feature_enabled":true,"jetpack_social_post_already_shared":true,"jetpack_social_options":{"image_generator_settings":{"template":"highway","default_image_id":0,"font":"","enabled":false},"version":2}},"categories":[4],"tags":[],"class_list":["post-21940","post","type-post","status-publish","format-standard","has-post-thumbnail","hentry","category-nacional"],"jetpack_publicize_connections":[],"jetpack_featured_media_url":"https:\/\/noticiasveracruz.com\/wp-content\/uploads\/2023\/12\/IMG_8276.jpg","jetpack_sharing_enabled":true,"publishpress_future_action":{"enabled":false,"date":"2026-05-07 04:56:34","action":"change-status","newStatus":"draft","terms":[],"taxonomy":"category","extraData":[]},"publishpress_future_workflow_manual_trigger":{"enabledWorkflows":[]},"_links":{"self":[{"href":"https:\/\/noticiasveracruz.com\/index.php\/wp-json\/wp\/v2\/posts\/21940","targetHints":{"allow":["GET"]}}],"collection":[{"href":"https:\/\/noticiasveracruz.com\/index.php\/wp-json\/wp\/v2\/posts"}],"about":[{"href":"https:\/\/noticiasveracruz.com\/index.php\/wp-json\/wp\/v2\/types\/post"}],"author":[{"embeddable":true,"href":"https:\/\/noticiasveracruz.com\/index.php\/wp-json\/wp\/v2\/users\/4"}],"replies":[{"embeddable":true,"href":"https:\/\/noticiasveracruz.com\/index.php\/wp-json\/wp\/v2\/comments?post=21940"}],"version-history":[{"count":0,"href":"https:\/\/noticiasveracruz.com\/index.php\/wp-json\/wp\/v2\/posts\/21940\/revisions"}],"wp:featuredmedia":[{"embeddable":true,"href":"https:\/\/noticiasveracruz.com\/index.php\/wp-json\/wp\/v2\/media\/21942"}],"wp:attachment":[{"href":"https:\/\/noticiasveracruz.com\/index.php\/wp-json\/wp\/v2\/media?parent=21940"}],"wp:term":[{"taxonomy":"category","embeddable":true,"href":"https:\/\/noticiasveracruz.com\/index.php\/wp-json\/wp\/v2\/categories?post=21940"},{"taxonomy":"post_tag","embeddable":true,"href":"https:\/\/noticiasveracruz.com\/index.php\/wp-json\/wp\/v2\/tags?post=21940"}],"curies":[{"name":"wp","href":"https:\/\/api.w.org\/{rel}","templated":true}]}}