{"id":21933,"date":"2023-12-12T00:08:24","date_gmt":"2023-12-12T06:08:24","guid":{"rendered":"https:\/\/noticiasveracruz.com\/?p=21933"},"modified":"2023-12-12T00:10:22","modified_gmt":"2023-12-12T06:10:22","slug":"remes-sigue-agrediendo-mujeres","status":"publish","type":"post","link":"https:\/\/noticiasveracruz.com\/index.php\/2023\/12\/12\/remes-sigue-agrediendo-mujeres\/","title":{"rendered":"Remes sigue agrediendo mujeres"},"content":{"rendered":"<p><span style=\"font-size: 18pt; color: #cc99ff;\"><strong>ALMA GRANDE<\/strong><\/span><\/p>\n<p><span style=\"font-size: 18pt; color: #cc99ff;\"><strong>Por \u00c1ngel \u00c1lvaro Pe\u00f1a<\/strong><\/span><\/p>\n<p><span style=\"font-size: 14pt;\">Fernando Remes, apodado en el mundo del b\u00e9isbol como El Pulpo, est\u00e1 tan acostumbrado a maltratar a su personal femenino que pierde la noci\u00f3n del lugar y no le importa si est\u00e1 frente al p\u00fablico y a los reflectores de los medios.<\/span><\/p>\n<p><span style=\"font-size: 18pt;\">Su habitual forma de agredir a las mujeres, es en su diario trabajo que ya ni le hacen caso, pero muestra, ante todo mundo, la falta de respeto a las mujeres que ve como seres inferiores. Como si fueran sirvientas que est\u00e1n al servicio del gran monarca, lo cual es, a todas luces, un delito que debe ser castigado.<\/span><\/p>\n<p><img loading=\"lazy\" decoding=\"async\" class=\"alignnone size-medium wp-image-21934\" src=\"http:\/\/noticiasveracruz.com\/wp-content\/uploads\/2023\/12\/48e81bd3-fd0c-4880-84ef-69a9524a533b-focus-min0.07-0.27-732-549-300x225.jpg\" alt=\"\" width=\"300\" height=\"225\" srcset=\"https:\/\/noticiasveracruz.com\/wp-content\/uploads\/2023\/12\/48e81bd3-fd0c-4880-84ef-69a9524a533b-focus-min0.07-0.27-732-549-300x225.jpg 300w, https:\/\/noticiasveracruz.com\/wp-content\/uploads\/2023\/12\/48e81bd3-fd0c-4880-84ef-69a9524a533b-focus-min0.07-0.27-732-549.jpg 732w\" sizes=\"auto, (max-width: 300px) 100vw, 300px\" \/><\/p>\n<p><span style=\"font-size: 14pt;\">Esta vez agredi\u00f3 a una compa\u00f1era de trabajo frente el l\u00edder del Congreso Local y el enviado personal del Gobernador, el Secretario de Finanzas del Gobierno estatal. En la ceremonia de su Segundo Informe de Gobierno, Fernando Luis Remes Garza, Alcalde del municipio de Poza Rica, Veracruz, dej\u00f3 para la posteridad el \u00fanico sello que puede tener su gobierno para recordar la misoginia que le impulsa a maltratar a las mujeres.<\/span><\/p>\n<p><span style=\"font-size: 18pt;\">Tanto su vida laboral como su vida privada est\u00e1 caracterizada por el maltrato a las mujeres, sus parejas han sido maltratadas y golpeadas, sus hijas, sus empleadas, las ciudadanas de Poza Rica, son v\u00edctimas de acoso, maltrato, violencia psicol\u00f3gica, explotaci\u00f3n, etc.<\/span><\/p>\n<p><img loading=\"lazy\" decoding=\"async\" class=\"alignnone size-medium wp-image-21935\" src=\"http:\/\/noticiasveracruz.com\/wp-content\/uploads\/2023\/12\/060421-5-300x300.jpg\" alt=\"\" width=\"300\" height=\"300\" srcset=\"https:\/\/noticiasveracruz.com\/wp-content\/uploads\/2023\/12\/060421-5-300x300.jpg 300w, https:\/\/noticiasveracruz.com\/wp-content\/uploads\/2023\/12\/060421-5-150x150.jpg 150w, https:\/\/noticiasveracruz.com\/wp-content\/uploads\/2023\/12\/060421-5.jpg 701w\" sizes=\"auto, (max-width: 300px) 100vw, 300px\" \/><\/p>\n<p><span style=\"font-size: 14pt;\">El caso de su pareja sentimental m\u00e1s reciente es un claro ejemplo de la manera en que su conducta patol\u00f3gica tiene repercusiones delictivas contra la mujer, que lo llevar\u00edan a la c\u00e1rcel, porque con ella tiene tres hijos, todos menores de edad, al ni\u00f1o var\u00f3n, lo secuestr\u00f3. Actualmente vive con \u00e9l, pero a la madre de las dos ni\u00f1as no les da pensi\u00f3n alimenticia, a grado tal que la se\u00f1ora ha hecho acto de presencia en las oficinas de la Presidencia Municipal para exigirle a que cumpla con sus obligaciones, y la desaloja con la fuerza p\u00fablica.<\/span><\/p>\n<p><span style=\"font-size: 18pt;\">La ma\u00f1ana del s\u00e1bado 9 de diciembre cuando Remes Garza ofreci\u00f3 su Segundo Informe de Gobierno, acompa\u00f1ado de sus ediles, personal del Ayuntamiento, entre otros. A la hora de leer su informe, exigi\u00f3 el documento gritando \u201cPuta madre \u00bfy mi informe?\u201d Cuando la asistente le entreg\u00f3 el documento le dijo: \u201cC\u00f3mo eres pendeja\u201d.<\/span><\/p>\n<p><span style=\"font-size: 14pt;\">Javier G\u00f3mez Cazar\u00edn, sentado junto a \u00e9l debi\u00f3 calmar su ira, como a un perro rabioso, sob\u00e1ndole el lomo, porque amenazaba con desarrollar m\u00e1s violencia y hasta entonces tom\u00f3 conciencia del lugar donde estaba, pero era demasiado tarde. Este tipo de conductas que son cotidianas en la vida p\u00fablica de Poza Rica, en tiempos electorales hacen mucho da\u00f1o, porque el ex beisbolista presume que es amigo y compadre del Presidente de la Rep\u00fablica, haci\u00e9ndole mucho da\u00f1o al Jefe del Ejecutivo cada vez que realiza una agresi\u00f3n contra las mujeres, contradiciendo todas las palabas que ha pronunciado Andr\u00e9s Manuel L\u00f3pez Obrador en defensa y protecci\u00f3n de la mujer.<\/span><\/p>\n<p><img loading=\"lazy\" decoding=\"async\" class=\"alignnone size-medium wp-image-21936\" src=\"http:\/\/noticiasveracruz.com\/wp-content\/uploads\/2023\/12\/P-REMES-DISCULPAS-1-300x168.png\" alt=\"\" width=\"300\" height=\"168\" srcset=\"https:\/\/noticiasveracruz.com\/wp-content\/uploads\/2023\/12\/P-REMES-DISCULPAS-1-300x168.png 300w, https:\/\/noticiasveracruz.com\/wp-content\/uploads\/2023\/12\/P-REMES-DISCULPAS-1-1024x573.png 1024w, https:\/\/noticiasveracruz.com\/wp-content\/uploads\/2023\/12\/P-REMES-DISCULPAS-1-768x430.png 768w, https:\/\/noticiasveracruz.com\/wp-content\/uploads\/2023\/12\/P-REMES-DISCULPAS-1-1536x859.png 1536w, https:\/\/noticiasveracruz.com\/wp-content\/uploads\/2023\/12\/P-REMES-DISCULPAS-1-800x445.png 800w, https:\/\/noticiasveracruz.com\/wp-content\/uploads\/2023\/12\/P-REMES-DISCULPAS-1.png 1816w\" sizes=\"auto, (max-width: 300px) 100vw, 300px\" \/><\/p>\n<p><span style=\"font-size: 18pt;\">El 23 de marzo del presente a\u00f1o, Remes ofreci\u00f3 una disculpa p\u00fablica a la Regidora Segunda, Mar\u00eda Fernanda Salas P\u00e9rez, por haber invadido su esfera personal al tocarle la pierna en un evento celebrado en mayo del a\u00f1o 2022, en cumplimento a una resoluci\u00f3n y procedimiento especial sancionador ante el Tribunal Electoral del Estado de Veracruz. Expediente TEV-PES\u201328\/2022.<\/span><\/p>\n<p><span style=\"font-size: 14pt;\">Ninguna de las mujeres del Ayuntamiento y del Municipio qued\u00f3 conforme con esa disculpa porque fue pronunciada a medias y no cumpli\u00f3 con el protocolo completo de la sanci\u00f3n por la falta.<\/span><\/p>\n<p><span style=\"font-size: 14pt;\">En la jornada electoral de 2021, Remes se meti\u00f3 a la fila para votar antes que varias personas, cuando una mujer lo mand\u00f3 al final respondi\u00f3 muy molesto: \u201cNo est\u00e9s chingando\u201d.<\/span><\/p>\n<p><span style=\"font-size: 14pt;\">En esta ocasi\u00f3n, al terminar la presentaci\u00f3n de cada uno de los integrantes del pres\u00eddium y los honores a la bandera desde el Gimnasio Municipal Miguel Hidalgo de la ciudad de Poza Rica, cuando todos ten\u00edan centrada la atenci\u00f3n al Presidente Municipal sucedi\u00f3 la agresi\u00f3n.<\/span><\/p>\n<p><span style=\"font-size: 18pt;\">Con el pretexto de que es amigo del Presidente se adjudica el salario m\u00e1s alto que cualquier otro Presidente Municipal del pa\u00eds, su inmoralidad en cuanto a su familia que ya es de todos conocida, est\u00e1 impune, las agresiones a sus empeladas \u00a0es cosa de todos los d\u00edas y no hay fuerza humana que detenga este tipo de agravios a las mujeres, Pareciera que no hay autoridad sobre \u00e9l ni en la administraci\u00f3n ni en el partido al que pertenece para erradicar, de una vez por todas esa conducta propia de un desequilibrado mental.<\/span><\/p>\n<p><span style=\"font-size: 14pt;\">El Ayuntamiento de Poza Rica y el Alcalde, Fernando Remes Garza, no han emitido una postura al respecto. Bien dicen que Morena tiene a sus m\u00e1s f\u00e9rreos enemigos en el interior de su partido.<\/span><\/p>\n<p><span style=\"font-size: 14pt;\">El historial delictivo de Fernando Remes no se limita a las agresiones cotidianas contra las mujeres.<\/span><\/p>\n<p><span style=\"font-size: 18pt;\">Cuando lleg\u00f3 al norte de Veracruz era un simple mozo de Don Alejo Peralta en un rancho de Cazones, ah\u00ed se qued\u00f3 el abatido beisbolista cuando ya no era nadie en el deporte, hizo negocio a la sombra de su jefe y apoyado en la fama defraud\u00f3 a mucha gente, a grado tal que le arrebat\u00f3 un rancho a su propio jefe.<\/span><\/p>\n<p><span style=\"font-size: 14pt;\">Despu\u00e9s rob\u00f3 motores de tr\u00e1ilers, se hizo de veh\u00edculos de carga, realiz\u00f3 un sinn\u00famero de delitos que terminaron por convertirlo en un empresario del transporte, pero su emporio es mal habido y eso pareciera tambi\u00e9n desconocerlo el Presidente de la Rep\u00fablica que debe ser la persona mejor informada del pa\u00eds.<\/span><\/p>\n<p><span style=\"font-size: 14pt;\"><strong>PEGA Y CORRE.-<\/strong> Marcelo Ebrard se volvi\u00f3 a quedar sin trabajo. Clara Brugada nombr\u00f3 como coordinador de su campa\u00f1a para la Jefatura de Gobierno de la CDMX, a Edy Smol, cargo que le hab\u00edan adjudicado al ex secretario de Relaciones Exteriores\u2026Esta columna se publica los lunes, mi\u00e9rcoles y viernes.<\/span><\/p>\n<p><img loading=\"lazy\" decoding=\"async\" class=\"alignnone wp-image-21850 size-full\" src=\"http:\/\/noticiasveracruz.com\/wp-content\/uploads\/2023\/12\/FIRMA-EDITORIAL-PD-2.jpg\" alt=\"\" width=\"1024\" height=\"125\" srcset=\"https:\/\/noticiasveracruz.com\/wp-content\/uploads\/2023\/12\/FIRMA-EDITORIAL-PD-2.jpg 1024w, https:\/\/noticiasveracruz.com\/wp-content\/uploads\/2023\/12\/FIRMA-EDITORIAL-PD-2-300x37.jpg 300w, https:\/\/noticiasveracruz.com\/wp-content\/uploads\/2023\/12\/FIRMA-EDITORIAL-PD-2-768x94.jpg 768w\" sizes=\"auto, (max-width: 1024px) 100vw, 1024px\" \/><\/p>\n","protected":false},"excerpt":{"rendered":"<p>ALMA GRANDE Por \u00c1ngel \u00c1lvaro Pe\u00f1a Fernando Remes, apodado en el mundo del b\u00e9isbol como El Pulpo, est\u00e1 tan acostumbrado<\/p>\n","protected":false},"author":4,"featured_media":18628,"comment_status":"closed","ping_status":"closed","sticky":false,"template":"","format":"standard","meta":{"colormag_page_container_layout":"default_layout","colormag_page_sidebar_layout":"default_layout","_jetpack_memberships_contains_paid_content":false,"footnotes":"","jetpack_publicize_message":"","jetpack_publicize_feature_enabled":true,"jetpack_social_post_already_shared":true,"jetpack_social_options":{"image_generator_settings":{"template":"highway","default_image_id":0,"font":"","enabled":false},"version":2}},"categories":[6],"tags":[],"class_list":["post-21933","post","type-post","status-publish","format-standard","has-post-thumbnail","hentry","category-columnistas"],"jetpack_publicize_connections":[],"jetpack_featured_media_url":"https:\/\/noticiasveracruz.com\/wp-content\/uploads\/2023\/09\/ANGEL-ALVARO-PENA-800x445-1.png","jetpack_sharing_enabled":true,"publishpress_future_action":{"enabled":false,"date":"2026-05-07 17:41:16","action":"change-status","newStatus":"draft","terms":[],"taxonomy":"category","extraData":[]},"publishpress_future_workflow_manual_trigger":{"enabledWorkflows":[]},"_links":{"self":[{"href":"https:\/\/noticiasveracruz.com\/index.php\/wp-json\/wp\/v2\/posts\/21933","targetHints":{"allow":["GET"]}}],"collection":[{"href":"https:\/\/noticiasveracruz.com\/index.php\/wp-json\/wp\/v2\/posts"}],"about":[{"href":"https:\/\/noticiasveracruz.com\/index.php\/wp-json\/wp\/v2\/types\/post"}],"author":[{"embeddable":true,"href":"https:\/\/noticiasveracruz.com\/index.php\/wp-json\/wp\/v2\/users\/4"}],"replies":[{"embeddable":true,"href":"https:\/\/noticiasveracruz.com\/index.php\/wp-json\/wp\/v2\/comments?post=21933"}],"version-history":[{"count":0,"href":"https:\/\/noticiasveracruz.com\/index.php\/wp-json\/wp\/v2\/posts\/21933\/revisions"}],"wp:featuredmedia":[{"embeddable":true,"href":"https:\/\/noticiasveracruz.com\/index.php\/wp-json\/wp\/v2\/media\/18628"}],"wp:attachment":[{"href":"https:\/\/noticiasveracruz.com\/index.php\/wp-json\/wp\/v2\/media?parent=21933"}],"wp:term":[{"taxonomy":"category","embeddable":true,"href":"https:\/\/noticiasveracruz.com\/index.php\/wp-json\/wp\/v2\/categories?post=21933"},{"taxonomy":"post_tag","embeddable":true,"href":"https:\/\/noticiasveracruz.com\/index.php\/wp-json\/wp\/v2\/tags?post=21933"}],"curies":[{"name":"wp","href":"https:\/\/api.w.org\/{rel}","templated":true}]}}