{"id":21926,"date":"2023-12-11T22:38:42","date_gmt":"2023-12-12T04:38:42","guid":{"rendered":"https:\/\/noticiasveracruz.com\/?p=21926"},"modified":"2023-12-11T22:38:42","modified_gmt":"2023-12-12T04:38:42","slug":"inversiones-sin-precedentes-en-el-fortalecimiento-de-la-infraestructura-educativa-en-tuxpan","status":"publish","type":"post","link":"https:\/\/noticiasveracruz.com\/index.php\/2023\/12\/11\/inversiones-sin-precedentes-en-el-fortalecimiento-de-la-infraestructura-educativa-en-tuxpan\/","title":{"rendered":"Inversiones sin precedentes en el fortalecimiento de la infraestructura educativa en Tuxpan"},"content":{"rendered":"<p><span style=\"font-size: 14pt;\"><strong>\u2022 En este segundo a\u00f1o de gobierno la inversi\u00f3n es de 35 millones de pesos<\/strong><\/span><\/p>\n<p><span style=\"font-size: 14pt;\">Tuxpan, Ver., 11 diciembre 2023. &#8211; El gobierno municipal que encabeza el Lic. Jos\u00e9 Manuel Pozos Castro ha dado un respaldo sin precedente al fortalecimiento de la infraestructura educativa, prueba de ello es que al cierre del 2023 se habr\u00e1n invertido poco m\u00e1s de 35 millones de pesos en este sector.<\/span><\/p>\n<p><span style=\"font-size: 14pt;\">En el marco de su Segundo Informe de Gobierno, el presidente municipal Jos\u00e9 Manuel Pozos Castro detall\u00f3 que estos recursos se destinaron a la construcci\u00f3n de 6 aulas y 14 techados en \u00e1reas de impartici\u00f3n de educaci\u00f3n f\u00edsica.<\/span><\/p>\n<p><img loading=\"lazy\" decoding=\"async\" class=\"alignnone size-medium wp-image-21927\" src=\"http:\/\/noticiasveracruz.com\/wp-content\/uploads\/2023\/12\/WhatsApp-Image-2023-12-11-at-22.08.421-300x199.jpeg\" alt=\"\" width=\"300\" height=\"199\" srcset=\"https:\/\/noticiasveracruz.com\/wp-content\/uploads\/2023\/12\/WhatsApp-Image-2023-12-11-at-22.08.421-300x199.jpeg 300w, https:\/\/noticiasveracruz.com\/wp-content\/uploads\/2023\/12\/WhatsApp-Image-2023-12-11-at-22.08.421-1024x681.jpeg 1024w, https:\/\/noticiasveracruz.com\/wp-content\/uploads\/2023\/12\/WhatsApp-Image-2023-12-11-at-22.08.421-768x511.jpeg 768w, https:\/\/noticiasveracruz.com\/wp-content\/uploads\/2023\/12\/WhatsApp-Image-2023-12-11-at-22.08.421.jpeg 1280w\" sizes=\"auto, (max-width: 300px) 100vw, 300px\" \/><\/p>\n<p><span style=\"font-size: 14pt;\">Con estas obras se impulsa el fomento al deporte y las actividades c\u00edvicas, procurando la seguridad y salud de 3,519 alumnos de 20 instituciones de educaci\u00f3n b\u00e1sica y media superior.<\/span><\/p>\n<p><img loading=\"lazy\" decoding=\"async\" class=\"alignnone size-medium wp-image-21929\" src=\"http:\/\/noticiasveracruz.com\/wp-content\/uploads\/2023\/12\/WhatsApp-Image-2023-12-11-at-22.08.423-300x199.jpeg\" alt=\"\" width=\"300\" height=\"199\" srcset=\"https:\/\/noticiasveracruz.com\/wp-content\/uploads\/2023\/12\/WhatsApp-Image-2023-12-11-at-22.08.423-300x199.jpeg 300w, https:\/\/noticiasveracruz.com\/wp-content\/uploads\/2023\/12\/WhatsApp-Image-2023-12-11-at-22.08.423-1024x681.jpeg 1024w, https:\/\/noticiasveracruz.com\/wp-content\/uploads\/2023\/12\/WhatsApp-Image-2023-12-11-at-22.08.423-768x511.jpeg 768w, https:\/\/noticiasveracruz.com\/wp-content\/uploads\/2023\/12\/WhatsApp-Image-2023-12-11-at-22.08.423.jpeg 1280w\" sizes=\"auto, (max-width: 300px) 100vw, 300px\" \/><\/p>\n<p><span style=\"font-size: 14pt;\">El bienestar de Tuxpan solo es posible con una educaci\u00f3n de calidad, por ello, se realizaron grandes inversiones para mejorar la infraestructura educativa a lo largo y ancho del municipio.<\/span><\/p>\n<p><span style=\"font-size: 14pt;\">El alcalde Jos\u00e9 Manuel Pozos Castro ha insistido en que la educaci\u00f3n es el arma m\u00e1s poderosa de transformaci\u00f3n social y es la clave para el desarrollo personal.<\/span><\/p>\n<p><img loading=\"lazy\" decoding=\"async\" class=\"alignnone size-medium wp-image-21930\" src=\"http:\/\/noticiasveracruz.com\/wp-content\/uploads\/2023\/12\/WhatsApp-Image-2023-12-11-at-22.08.42-300x199.jpeg\" alt=\"\" width=\"300\" height=\"199\" srcset=\"https:\/\/noticiasveracruz.com\/wp-content\/uploads\/2023\/12\/WhatsApp-Image-2023-12-11-at-22.08.42-300x199.jpeg 300w, https:\/\/noticiasveracruz.com\/wp-content\/uploads\/2023\/12\/WhatsApp-Image-2023-12-11-at-22.08.42-1024x681.jpeg 1024w, https:\/\/noticiasveracruz.com\/wp-content\/uploads\/2023\/12\/WhatsApp-Image-2023-12-11-at-22.08.42-768x511.jpeg 768w, https:\/\/noticiasveracruz.com\/wp-content\/uploads\/2023\/12\/WhatsApp-Image-2023-12-11-at-22.08.42.jpeg 1280w\" sizes=\"auto, (max-width: 300px) 100vw, 300px\" \/><\/p>\n<p><span style=\"font-size: 14pt;\">Es importante mencionar que estas obras se realizaron en planteles educativos ubicados en zona urbana y rural.<\/span><\/p>\n<p><span style=\"font-size: 14pt;\">Los techados eran un anhelo de los estudiantes y maestros, ya que adem\u00e1s de brindarles protecci\u00f3n ante las inclemencias del tiempo, tambi\u00e9n son espacios deportivos.<\/span><\/p>\n","protected":false},"excerpt":{"rendered":"<p>\u2022 En este segundo a\u00f1o de gobierno la inversi\u00f3n es de 35 millones de pesos Tuxpan, Ver., 11 diciembre 2023.<\/p>\n","protected":false},"author":4,"featured_media":21928,"comment_status":"closed","ping_status":"closed","sticky":false,"template":"","format":"standard","meta":{"colormag_page_container_layout":"default_layout","colormag_page_sidebar_layout":"default_layout","_jetpack_memberships_contains_paid_content":false,"footnotes":"","jetpack_publicize_message":"","jetpack_publicize_feature_enabled":true,"jetpack_social_post_already_shared":true,"jetpack_social_options":{"image_generator_settings":{"template":"highway","default_image_id":0,"font":"","enabled":false},"version":2}},"categories":[356],"tags":[],"class_list":["post-21926","post","type-post","status-publish","format-standard","has-post-thumbnail","hentry","category-veracruz"],"jetpack_publicize_connections":[],"jetpack_featured_media_url":"https:\/\/noticiasveracruz.com\/wp-content\/uploads\/2023\/12\/WhatsApp-Image-2023-12-11-at-22.08.422.jpeg","jetpack_sharing_enabled":true,"publishpress_future_action":{"enabled":false,"date":"2026-05-06 06:14:43","action":"change-status","newStatus":"draft","terms":[],"taxonomy":"category","extraData":[]},"publishpress_future_workflow_manual_trigger":{"enabledWorkflows":[]},"_links":{"self":[{"href":"https:\/\/noticiasveracruz.com\/index.php\/wp-json\/wp\/v2\/posts\/21926","targetHints":{"allow":["GET"]}}],"collection":[{"href":"https:\/\/noticiasveracruz.com\/index.php\/wp-json\/wp\/v2\/posts"}],"about":[{"href":"https:\/\/noticiasveracruz.com\/index.php\/wp-json\/wp\/v2\/types\/post"}],"author":[{"embeddable":true,"href":"https:\/\/noticiasveracruz.com\/index.php\/wp-json\/wp\/v2\/users\/4"}],"replies":[{"embeddable":true,"href":"https:\/\/noticiasveracruz.com\/index.php\/wp-json\/wp\/v2\/comments?post=21926"}],"version-history":[{"count":0,"href":"https:\/\/noticiasveracruz.com\/index.php\/wp-json\/wp\/v2\/posts\/21926\/revisions"}],"wp:featuredmedia":[{"embeddable":true,"href":"https:\/\/noticiasveracruz.com\/index.php\/wp-json\/wp\/v2\/media\/21928"}],"wp:attachment":[{"href":"https:\/\/noticiasveracruz.com\/index.php\/wp-json\/wp\/v2\/media?parent=21926"}],"wp:term":[{"taxonomy":"category","embeddable":true,"href":"https:\/\/noticiasveracruz.com\/index.php\/wp-json\/wp\/v2\/categories?post=21926"},{"taxonomy":"post_tag","embeddable":true,"href":"https:\/\/noticiasveracruz.com\/index.php\/wp-json\/wp\/v2\/tags?post=21926"}],"curies":[{"name":"wp","href":"https:\/\/api.w.org\/{rel}","templated":true}]}}