{"id":21918,"date":"2023-12-11T16:51:55","date_gmt":"2023-12-11T22:51:55","guid":{"rendered":"https:\/\/noticiasveracruz.com\/?p=21918"},"modified":"2023-12-11T16:51:55","modified_gmt":"2023-12-11T22:51:55","slug":"el-ano-proximo-amlo-enviara-iniciativa-para-extinguir-organismos-autonomos","status":"publish","type":"post","link":"https:\/\/noticiasveracruz.com\/index.php\/2023\/12\/11\/el-ano-proximo-amlo-enviara-iniciativa-para-extinguir-organismos-autonomos\/","title":{"rendered":"El a\u00f1o pr\u00f3ximo AMLO enviar\u00e1 iniciativa para extinguir organismos aut\u00f3nomos"},"content":{"rendered":"<p><span style=\"font-size: 14pt;\">Antes que finalice este a\u00f1o o a m\u00e1s tardar el pr\u00f3ximo, el presidente Andr\u00e9s Manuel L\u00f3pez Obrador enviar\u00e1 una iniciativa de reforma administrativa con miras a que desaparezcan organismos aut\u00f3nomos que \u201cno sirven para nada\u201d.<\/span><\/p>\n<p><span style=\"font-size: 14pt;\">En la ma\u00f1anera de este lunes en Palacio Nacional, el mandatario dio a conocer que instancias como el Instituto Nacional de Transparencia, Acceso a la Informaci\u00f3n y Protecci\u00f3n da Datos Personales (Inai), el Instituto Federal de Telecomunicaciones (IFT) o la Comisi\u00f3n Federal de Competencia Econ\u00f3mica (Cofece) no le sirven al pueblo y s\u00f3lo \u201cest\u00e1n al servicio de las minor\u00edas\u201d.<\/span><\/p>\n<p><span style=\"font-size: 14pt;\">\u201cTienen que desaparecer todos esos organismos\u201d, plante\u00f3 y dijo que su intenci\u00f3n es enviar la iniciativa antes que concluya su sexenio.<\/span><\/p>\n<p><span style=\"font-size: 14pt;\">Asegur\u00f3 que si no pasa su proyecto de reforma, quedar\u00e1 constancia de la existencia de estos organismos est\u00e1 mal y \u201cno quiero ser complice\u201d.<\/span><\/p>\n<p><span style=\"font-size: 14pt;\">\u201cNo puede haber gobierno rico con pueblo pobre y hay muchos organismos onerosos, que no sirven para nada, son gastos superfluos\u201d.<\/span><\/p>\n<p><span style=\"font-size: 14pt;\">Ante ello, descart\u00f3 que por el contrario pueda presentar una reforma para mejorar la recaudaci\u00f3n fiscal.<\/span><\/p>\n<p><span style=\"font-size: 14pt;\">\u201c\u00bfC\u00f3mo vamos a estar pensando, no en cobrar m\u00e1s impuesto, sino en que haya una reforma fiscal si todav\u00eda no terminamos de hacer todos los ajustes que requiere la administraci\u00f3n publica? Que esa es otra iniciativa de ley que quiero enviar. \u00bfC\u00f3mo desmontar todo ese aparato que crearon paralelo al gobierno para tener el control de todas las decisiones del poder p\u00fablico, que el Instituto de la Transparencia, que el Instituto de Comunicaciones (IFT), que el Instituto de la Competencia (Cofece), que la CRE, que no s\u00e9 cu\u00e1nto?\u201d.<\/span><\/p>\n<p><span style=\"font-size: 14pt;\">Indic\u00f3 que cada vez que se defiende a Pemex o a la Comisi\u00f3n Federal de Electricidad, \u201csale el Instituto \u00e9ste de la Competencia (Cofece) a defender a los particulares (\u2026) S\u00ed hace falta hacer todo este ajuste y si voy a dejar la iniciativa. Si no la aprueban lo que quiere es que quede constancia de que eso est\u00e1 mal y no quiero ser complice\u201d.<\/span><\/p>\n<p><img loading=\"lazy\" decoding=\"async\" class=\"alignnone size-medium wp-image-21920\" src=\"http:\/\/noticiasveracruz.com\/wp-content\/uploads\/2023\/12\/16849496538688-300x200.jpg\" alt=\"\" width=\"300\" height=\"200\" srcset=\"https:\/\/noticiasveracruz.com\/wp-content\/uploads\/2023\/12\/16849496538688-300x200.jpg 300w, https:\/\/noticiasveracruz.com\/wp-content\/uploads\/2023\/12\/16849496538688-1024x683.jpg 1024w, https:\/\/noticiasveracruz.com\/wp-content\/uploads\/2023\/12\/16849496538688-768x512.jpg 768w, https:\/\/noticiasveracruz.com\/wp-content\/uploads\/2023\/12\/16849496538688-1536x1024.jpg 1536w, https:\/\/noticiasveracruz.com\/wp-content\/uploads\/2023\/12\/16849496538688.jpg 1980w\" sizes=\"auto, (max-width: 300px) 100vw, 300px\" \/><\/p>\n<p><span style=\"font-size: 14pt;\">L\u00f3pez Obrador insisti\u00f3 adem\u00e1s que hace falta que su gobierno se apriete m\u00e1s el cintur\u00f3n, que no gaste y que invierta en beneficio del pueblo.<\/span><\/p>\n<p><span style=\"font-size: 14pt;\">El jefe del Ejecutivo federal acus\u00f3 que en sexenios pasados, durante el llamado periodo neoliberal, siempre se buscaba que el pueblo fuera quien se apretara el cintur\u00f3n y no el gobierno.<\/span><\/p>\n<p><span style=\"font-size: 14pt;\">\u201cYo creo que hace falta todav\u00eda que el gobierno se apriete m\u00e1s el cintur\u00f3n. Antes la recomendaci\u00f3n de los neoliberales corruptos que estaban al servicio de la oligarqu\u00eda siempre lo que dec\u00edan era que el pueblo se apretara m\u00e1s el cintur\u00f3n. Nosotros lo que estamos llevando a la pr\u00e1ctica es distinto a eso y en otras acciones.<\/span><\/p>\n<p><span style=\"font-size: 14pt;\">\u201cLo primero es que el gobierno se apriete el cintur\u00f3n, no el pueblo, que el gobierno no gaste, que invierta\u201d.<\/span><\/p>\n<p><span style=\"font-size: 14pt;\">Afirm\u00f3 que en sexenios pasados \u201clos oligarcas\u201d les permit\u00edan robar a los pol\u00edticos y quedarse con el presupuesto y lo que les permit\u00edan repartir \u2018moches\u2019 para aprobar el presupuesto p\u00fablico y que sus leyes pasaran por unanimidad.<\/span><\/p>\n<p><span style=\"font-size: 14pt;\">\u201cDurante todo el periodo neoliberal, y todo tiene explicaci\u00f3n, como se dedicaban a saquear, a robar, en recompensa, los oligarcas les permit\u00edan robar tambi\u00e9n a los funcionarios y desde luego a los pol\u00edticos y se quedaban con el presupuesto. No s\u00f3lo se quedaban con bienes, con empresas, con minas, con los recursos naturales que son de todos los mexicanos, sino tambi\u00e9n con el presupuesto porque les permit\u00eda repartir los \u2018moches\u2019 para poder sacar el presupuesto p\u00fablico y todas las leyes por unanimidad\u201d.<\/span><\/p>\n","protected":false},"excerpt":{"rendered":"<p>Antes que finalice este a\u00f1o o a m\u00e1s tardar el pr\u00f3ximo, el presidente Andr\u00e9s Manuel L\u00f3pez Obrador enviar\u00e1 una iniciativa<\/p>\n","protected":false},"author":4,"featured_media":21919,"comment_status":"closed","ping_status":"closed","sticky":false,"template":"","format":"standard","meta":{"colormag_page_container_layout":"default_layout","colormag_page_sidebar_layout":"default_layout","_jetpack_memberships_contains_paid_content":false,"footnotes":"","jetpack_publicize_message":"","jetpack_publicize_feature_enabled":true,"jetpack_social_post_already_shared":true,"jetpack_social_options":{"image_generator_settings":{"template":"highway","default_image_id":0,"font":"","enabled":false},"version":2}},"categories":[4],"tags":[],"class_list":["post-21918","post","type-post","status-publish","format-standard","has-post-thumbnail","hentry","category-nacional"],"jetpack_publicize_connections":[],"jetpack_featured_media_url":"https:\/\/noticiasveracruz.com\/wp-content\/uploads\/2023\/12\/recomiendan-ift-interponer-controversia-padron.jpg","jetpack_sharing_enabled":true,"publishpress_future_action":{"enabled":false,"date":"2026-05-06 05:11:07","action":"change-status","newStatus":"draft","terms":[],"taxonomy":"category","extraData":[]},"publishpress_future_workflow_manual_trigger":{"enabledWorkflows":[]},"_links":{"self":[{"href":"https:\/\/noticiasveracruz.com\/index.php\/wp-json\/wp\/v2\/posts\/21918","targetHints":{"allow":["GET"]}}],"collection":[{"href":"https:\/\/noticiasveracruz.com\/index.php\/wp-json\/wp\/v2\/posts"}],"about":[{"href":"https:\/\/noticiasveracruz.com\/index.php\/wp-json\/wp\/v2\/types\/post"}],"author":[{"embeddable":true,"href":"https:\/\/noticiasveracruz.com\/index.php\/wp-json\/wp\/v2\/users\/4"}],"replies":[{"embeddable":true,"href":"https:\/\/noticiasveracruz.com\/index.php\/wp-json\/wp\/v2\/comments?post=21918"}],"version-history":[{"count":0,"href":"https:\/\/noticiasveracruz.com\/index.php\/wp-json\/wp\/v2\/posts\/21918\/revisions"}],"wp:featuredmedia":[{"embeddable":true,"href":"https:\/\/noticiasveracruz.com\/index.php\/wp-json\/wp\/v2\/media\/21919"}],"wp:attachment":[{"href":"https:\/\/noticiasveracruz.com\/index.php\/wp-json\/wp\/v2\/media?parent=21918"}],"wp:term":[{"taxonomy":"category","embeddable":true,"href":"https:\/\/noticiasveracruz.com\/index.php\/wp-json\/wp\/v2\/categories?post=21918"},{"taxonomy":"post_tag","embeddable":true,"href":"https:\/\/noticiasveracruz.com\/index.php\/wp-json\/wp\/v2\/tags?post=21918"}],"curies":[{"name":"wp","href":"https:\/\/api.w.org\/{rel}","templated":true}]}}