{"id":21900,"date":"2023-12-11T08:49:08","date_gmt":"2023-12-11T14:49:08","guid":{"rendered":"https:\/\/noticiasveracruz.com\/?p=21900"},"modified":"2023-12-11T08:49:08","modified_gmt":"2023-12-11T14:49:08","slug":"milei-asume-la-presidencia","status":"publish","type":"post","link":"https:\/\/noticiasveracruz.com\/index.php\/2023\/12\/11\/milei-asume-la-presidencia\/","title":{"rendered":"Milei asume la presidencia"},"content":{"rendered":"<div class=\"col col1\">\n<p class=\"s-s\"><span style=\"font-size: 14pt;\">Buenos Aires.- De espaldas al Congreso, con el simbolismo violento de la motosierra, el presidente Javier Milei asumi\u00f3 ayer el cargo de la presidencia, y pronunci\u00f3 su primer discurso fuera de este edificio con el anuncio de <q>un ajuste mayor<\/q>\u00a0al existente, el aumento de la pobreza, al justificar que \u201cno hay alternativa al ajuste y al\u00a0<em>shock<\/em>\u201d, y que esto\u00a0<q>impactar\u00e1 de modo negativo sobre el nivel de actividad, el empleo, los salarios reales, la cantidad de pobres e indigentes. Habr\u00e1 estanflaci\u00f3n<\/q>.<\/span><\/p>\n<p><span style=\"font-size: 14pt;\">Esto se resume en inflaci\u00f3n m\u00e1s recesi\u00f3n, y tambi\u00e9n se refiri\u00f3 a la cr\u00edtica situaci\u00f3n argentina, acusando a la clase pol\u00edtica que deja el pa\u00eds al borde de la\u00a0<q>crisis m\u00e1s grave de nuestra historia; no nos han dejado opci\u00f3n<\/q>.<\/span><\/p>\n<p><span style=\"font-size: 14pt;\">En un punto de su discurso, muy t\u00e9cnico con cifras todas debatibles, dif\u00edcil de entender para sus seguidores, sostuvo que\u00a0<q>as\u00ed como la ca\u00edda del muro de Berl\u00edn marc\u00f3 el final de una \u00e9poca tr\u00e1gica para el mundo, estas elecciones han marcado el punto de quiebre de nuestra historia<\/q>.<\/span><\/p>\n<p><span style=\"font-size: 14pt;\">Desde su punto de vista\u00a0<q>esta es la peor herencia que un gobierno haya recibido<\/q>, lo que hist\u00f3ricamente no es verdad. Basta con mencionar la crisis del 20 de diciembre de 2001, en medio de la cesaci\u00f3n de pago de la deuda que llev\u00f3 a un estallido popular en aquellos d\u00edas.<\/span><\/p>\n<p><span style=\"font-size: 14pt;\"><q>La soluci\u00f3n implica, por un lado, un ajuste fiscal en el sector p\u00fablico nacional, que a diferencia del pasado caer\u00e1 casi totalmente sobre el Estado y no sobre el sector privado<\/q>, expuso. En ese sentido, advirti\u00f3 que\u00a0<q>aun cuando hoy dejemos de emitir dinero seguiremos pagando los desmadres del gobierno saliente<\/q>, y afirm\u00f3 que\u00a0<q>haber emitido por 20 puntos del PIB no es gratis, lo vamos a pagar en inflaci\u00f3n<\/q>. En ning\u00fan momento se refiri\u00f3 al endeudamiento de casi 200 mil millones de d\u00f3lares que dej\u00f3 el ex presidente Mauricio Macri (2015-2019), su actual colaborador.<\/span><\/p>\n<p><span style=\"font-size: 14pt;\">Milei asever\u00f3 que ante aquellos que quieran utilizar la violencia usar\u00e1 todos los recursos del Estado porque no\u00a0<q>vamos a claudicar ni a rendirnos<\/q>, y agreg\u00f3: \u201csabemos que en el corto plazo la situaci\u00f3n empeorar\u00e1, pero luego veremos los frutos de nuestro esfuerzo, habiendo creado las bases de un crecimiento s\u00f3lido y sostenido en el tiempo.<\/span><\/p>\n<p><span style=\"font-size: 14pt;\"><q>Este nuevo contrato social nos propone un pa\u00eds distinto en el cual el Estado no dirija nuestras vidas, sino que vele por nuestros derechos. Un pa\u00eds en el cual, el que la hace, la paga. Un pa\u00eds en el que quien corta la calle violando los derechos de sus conciudadanos no recibe la asistencia de la sociedad. Puesto en otros t\u00e9rminos: el que corta, no cobra<\/q>, a\u00f1adi\u00f3.<\/span><\/p>\n<p><span style=\"font-size: 14pt;\">Subray\u00f3: \u201cno venimos a perseguir a nadie o a saldar viejas\u00a0<em>vendettas,\u00a0<\/em>tampoco a discutir espacios de poder. No pedimos acompa\u00f1amiento ciego, pero no vamos a tolerar que la hipocres\u00eda, la deshonestidad o la ambici\u00f3n de poder interfieran con el cambio\u201d.<\/span><\/p>\n<p><span style=\"font-size: 14pt;\">Se refiri\u00f3 a que \u201ctodos los programas de gradualismo terminaron mal, mientras todos los programas de\u00a0<em>shock,<\/em>\u00a0salvo el de 1959, fueron exitosos. Habr\u00e1 luz al final del camino. Es el \u00faltimo mal trago para empezar la reconstrucci\u00f3n de Argentina\u201d, lo cual no se lograr\u00e1\u00a0<q>si no es a costa de supremos esfuerzos y dolorosos sacrificios<\/q>.<\/span><\/p>\n<p><span style=\"font-size: 14pt;\">Los analistas estiman que las cifras que Milei mencion\u00f3 sobre la inflaci\u00f3n y tambi\u00e9n datos concretos sobre\u00a0<q>el enorme sacrificio<\/q>\u00a0que muchos no est\u00e1n dispuestos a aceptar, porque ahora todo girar\u00e1 alrededor del que debe pagar los costos, que es el Estado nacional. No hay m\u00e1s dinero, dijo, a pesar de que el gobierno de Alberto Fern\u00e1ndez y en especial el ministro de Econom\u00eda, Sergio Massa, demostr\u00f3 que se dejaba el dinero necesario para pagar sueldos y aguinaldos en este fin de a\u00f1o.<\/span><\/p>\n<\/div>\n<div class=\"col col2\">\n<p><span style=\"font-size: 14pt;\">Milei hizo una visita breve al Congreso, s\u00f3lo para firmar las actas y para a la ceremonia de la entrega de mando del saliente mandatario, Alberto Fern\u00e1ndez, quien le coloc\u00f3 la banda presidencial.<\/span><\/p>\n<p><span style=\"font-size: 14pt;\">La vicepresidenta saliente, Cristina Fern\u00e1ndez de Kirchner, lo recibi\u00f3 a su llegada e incluso tuvo un breve di\u00e1logo con \u00e9l sobre el bast\u00f3n del mando, donde estaban tallados los nombres de los cinco perros del presidente,\u00a0<em>Conan<\/em>, que ya muri\u00f3 y con quien\u00a0<q>se comunica<\/q>\u00a0mediante una vidente, as\u00ed como los cuatro perros que resultaron de una clonaci\u00f3n.<\/span><\/p>\n<p><span style=\"font-size: 14pt;\">Fern\u00e1ndez de Kirchner no ocult\u00f3 su disgusto con los militantes de La Libertad Avanza que la abuchearon a su llegada al Congreso, y respondi\u00f3 desfiante a los gritos levantando el dedo medio de la mano derecha.<\/span><\/p>\n<p><span style=\"font-size: 14pt;\">Cinco congresistas de izquierda mostraron carteles en los que se le\u00eda:\u00a0<q>No al plan motosierra de Milei contra el pueblo<\/q>.<\/span><\/p>\n<\/div>\n","protected":false},"excerpt":{"rendered":"<p>Buenos Aires.- De espaldas al Congreso, con el simbolismo violento de la motosierra, el presidente Javier Milei asumi\u00f3 ayer el<\/p>\n","protected":false},"author":4,"featured_media":21901,"comment_status":"closed","ping_status":"closed","sticky":false,"template":"","format":"standard","meta":{"colormag_page_container_layout":"default_layout","colormag_page_sidebar_layout":"default_layout","_jetpack_memberships_contains_paid_content":false,"footnotes":"","jetpack_publicize_message":"","jetpack_publicize_feature_enabled":true,"jetpack_social_post_already_shared":true,"jetpack_social_options":{"image_generator_settings":{"template":"highway","default_image_id":0,"font":"","enabled":false},"version":2}},"categories":[355],"tags":[],"class_list":["post-21900","post","type-post","status-publish","format-standard","has-post-thumbnail","hentry","category-internacional"],"jetpack_publicize_connections":[],"jetpack_featured_media_url":"https:\/\/noticiasveracruz.com\/wp-content\/uploads\/2023\/12\/941e7790-9795-11ee-b36b-eb1f689e8dd5.jpg","jetpack_sharing_enabled":true,"publishpress_future_action":{"enabled":false,"date":"2026-05-06 01:26:17","action":"change-status","newStatus":"draft","terms":[],"taxonomy":"category","extraData":[]},"publishpress_future_workflow_manual_trigger":{"enabledWorkflows":[]},"_links":{"self":[{"href":"https:\/\/noticiasveracruz.com\/index.php\/wp-json\/wp\/v2\/posts\/21900","targetHints":{"allow":["GET"]}}],"collection":[{"href":"https:\/\/noticiasveracruz.com\/index.php\/wp-json\/wp\/v2\/posts"}],"about":[{"href":"https:\/\/noticiasveracruz.com\/index.php\/wp-json\/wp\/v2\/types\/post"}],"author":[{"embeddable":true,"href":"https:\/\/noticiasveracruz.com\/index.php\/wp-json\/wp\/v2\/users\/4"}],"replies":[{"embeddable":true,"href":"https:\/\/noticiasveracruz.com\/index.php\/wp-json\/wp\/v2\/comments?post=21900"}],"version-history":[{"count":0,"href":"https:\/\/noticiasveracruz.com\/index.php\/wp-json\/wp\/v2\/posts\/21900\/revisions"}],"wp:featuredmedia":[{"embeddable":true,"href":"https:\/\/noticiasveracruz.com\/index.php\/wp-json\/wp\/v2\/media\/21901"}],"wp:attachment":[{"href":"https:\/\/noticiasveracruz.com\/index.php\/wp-json\/wp\/v2\/media?parent=21900"}],"wp:term":[{"taxonomy":"category","embeddable":true,"href":"https:\/\/noticiasveracruz.com\/index.php\/wp-json\/wp\/v2\/categories?post=21900"},{"taxonomy":"post_tag","embeddable":true,"href":"https:\/\/noticiasveracruz.com\/index.php\/wp-json\/wp\/v2\/tags?post=21900"}],"curies":[{"name":"wp","href":"https:\/\/api.w.org\/{rel}","templated":true}]}}