{"id":21897,"date":"2023-12-11T08:44:56","date_gmt":"2023-12-11T14:44:56","guid":{"rendered":"https:\/\/noticiasveracruz.com\/?p=21897"},"modified":"2023-12-11T08:44:56","modified_gmt":"2023-12-11T14:44:56","slug":"adrian-alcala-mendez-presidira-el-inai","status":"publish","type":"post","link":"https:\/\/noticiasveracruz.com\/index.php\/2023\/12\/11\/adrian-alcala-mendez-presidira-el-inai\/","title":{"rendered":"Adri\u00e1n Alcal\u00e1 M\u00e9ndez presidir\u00e1 el INAI"},"content":{"rendered":"<p><span style=\"font-size: 14pt;\">Luego de cuatro rondas de votaciones empatadas, la presidenta saliente el Instituto Nacional de Transparencia, Acceso a la Informaci\u00f3n y Protecci\u00f3n de Datos Personales (INAI), Blanca Ibarra Cadena, tuvo que hacer uso de su facultad de voto de calidad para lograr que Adri\u00e1n Alcal\u00e1 M\u00e9ndez fuera designado para encabezar este organismo aut\u00f3nomo durante los pr\u00f3ximos tres a\u00f1os.<\/span><\/p>\n<p><span style=\"font-size: 14pt;\">Al comenzar la sesi\u00f3n, la comisionada Julieta del R\u00edo Venegas anunci\u00f3 que retiraba su candidatura a este cargo, afirm\u00f3 que \u201cno puedo avalar a personas que no tienen solvencia \u00e9tica y moral suficiente para que tome las riendas de este instituto\u201d, y anunci\u00f3 que dar\u00eda su voto a la comisionada Josefina Rom\u00e1n Vergara, quien finalmente perdi\u00f3 la elecci\u00f3n.<\/span><\/p>\n<p><span style=\"font-size: 14pt;\">As\u00ed, en las cuatro rondas de votaci\u00f3n la comisionada Del R\u00edo sum\u00f3 su voto al de su compa\u00f1era Rom\u00e1n Vergara, mientas que la presidenta saliente, Ibarra Cadena, apoy\u00f3 a Alcal\u00e1 M\u00e9ndez, a quien finalmente favoreci\u00f3 con su voto de calidad.<\/span><\/p>\n","protected":false},"excerpt":{"rendered":"<p>Luego de cuatro rondas de votaciones empatadas, la presidenta saliente el Instituto Nacional de Transparencia, Acceso a la Informaci\u00f3n y<\/p>\n","protected":false},"author":4,"featured_media":21898,"comment_status":"closed","ping_status":"closed","sticky":false,"template":"","format":"standard","meta":{"colormag_page_container_layout":"default_layout","colormag_page_sidebar_layout":"default_layout","_jetpack_memberships_contains_paid_content":false,"footnotes":"","jetpack_publicize_message":"","jetpack_publicize_feature_enabled":true,"jetpack_social_post_already_shared":true,"jetpack_social_options":{"image_generator_settings":{"template":"highway","default_image_id":0,"font":"","enabled":false},"version":2}},"categories":[4],"tags":[],"class_list":["post-21897","post","type-post","status-publish","format-standard","has-post-thumbnail","hentry","category-nacional"],"jetpack_publicize_connections":[],"jetpack_featured_media_url":"https:\/\/noticiasveracruz.com\/wp-content\/uploads\/2023\/12\/AA.jpg","jetpack_sharing_enabled":true,"publishpress_future_action":{"enabled":false,"date":"2026-05-06 00:46:43","action":"change-status","newStatus":"draft","terms":[],"taxonomy":"category","extraData":[]},"publishpress_future_workflow_manual_trigger":{"enabledWorkflows":[]},"_links":{"self":[{"href":"https:\/\/noticiasveracruz.com\/index.php\/wp-json\/wp\/v2\/posts\/21897","targetHints":{"allow":["GET"]}}],"collection":[{"href":"https:\/\/noticiasveracruz.com\/index.php\/wp-json\/wp\/v2\/posts"}],"about":[{"href":"https:\/\/noticiasveracruz.com\/index.php\/wp-json\/wp\/v2\/types\/post"}],"author":[{"embeddable":true,"href":"https:\/\/noticiasveracruz.com\/index.php\/wp-json\/wp\/v2\/users\/4"}],"replies":[{"embeddable":true,"href":"https:\/\/noticiasveracruz.com\/index.php\/wp-json\/wp\/v2\/comments?post=21897"}],"version-history":[{"count":0,"href":"https:\/\/noticiasveracruz.com\/index.php\/wp-json\/wp\/v2\/posts\/21897\/revisions"}],"wp:featuredmedia":[{"embeddable":true,"href":"https:\/\/noticiasveracruz.com\/index.php\/wp-json\/wp\/v2\/media\/21898"}],"wp:attachment":[{"href":"https:\/\/noticiasveracruz.com\/index.php\/wp-json\/wp\/v2\/media?parent=21897"}],"wp:term":[{"taxonomy":"category","embeddable":true,"href":"https:\/\/noticiasveracruz.com\/index.php\/wp-json\/wp\/v2\/categories?post=21897"},{"taxonomy":"post_tag","embeddable":true,"href":"https:\/\/noticiasveracruz.com\/index.php\/wp-json\/wp\/v2\/tags?post=21897"}],"curies":[{"name":"wp","href":"https:\/\/api.w.org\/{rel}","templated":true}]}}