{"id":21894,"date":"2023-12-11T08:41:38","date_gmt":"2023-12-11T14:41:38","guid":{"rendered":"https:\/\/noticiasveracruz.com\/?p=21894"},"modified":"2023-12-11T08:41:38","modified_gmt":"2023-12-11T14:41:38","slug":"presenta-sheinbaum-los-alegres-muchachos-de-la-lucha-de-clases","status":"publish","type":"post","link":"https:\/\/noticiasveracruz.com\/index.php\/2023\/12\/11\/presenta-sheinbaum-los-alegres-muchachos-de-la-lucha-de-clases\/","title":{"rendered":"Presenta Sheinbaum \u2018Los alegres muchachos de la lucha de clases\u2019"},"content":{"rendered":"<p><span style=\"font-size: 14pt;\">Durante un acto distinto a los que ha encabezado en su precampa\u00f1a, Claudia Sheinbaum, precandidata presidencial por la coalici\u00f3n Sigamos Haciendo Historia (Morena, PT y PVEM), se convirti\u00f3 en la encargada de presentar, rese\u00f1ar y analizar el m\u00e1s reciente libro del escritor Paco Ignacio Taibo II, <em>Los alegres muchachos de la lucha de clases<\/em>.<\/span><\/p>\n<p><span style=\"font-size: 14pt;\">Luego de destacar de manera constante la obra como una recopilaci\u00f3n de los movimientos sociales desde la mitad del siglo pasado, afirm\u00f3 que todas las generaciones se ven retratadas en esos movimientos por el Estado autoritario al que se enfrentaron estudiantes y trabajadores, hasta que inici\u00f3 la cuarta transformaci\u00f3n en el 2018.<\/span><\/p>\n<p><span style=\"font-size: 14pt;\">Por su parte, el tambi\u00e9n historiador y director general de Fondo de Cultura Econ\u00f3mica, en medio de su relato sobre los siete a\u00f1os que le llev\u00f3 escribir el libro, regres\u00f3 los elogios que le hizo de manera previa la ex Jefa de Gobierno.<\/span><\/p>\n<p><span style=\"font-size: 14pt;\">\u201cEsta 4T futura, que yo la veo muy clara, Claudia va a arrasar, pero no solo va a arrasar por una herencia por las virtudes del gobierno de Andr\u00e9s Manuel L\u00f3pez Obrador y sus n\u00fameros, no. Va a arrasar porque va a poder prometer m\u00e1s y m\u00e1s a fondo la 4T. M\u00e1s adelante y m\u00e1s hacia la izquierda, m\u00e1s profundidad, m\u00e1s justicia, m\u00e1s responsabilidad\u201d, expres\u00f3.<\/span><\/p>\n<p><span style=\"font-size: 14pt;\">Y enseguida, remat\u00f3: \u201cY yo creo que tiene el car\u00e1cter y la fuerza, por eso me parece admirable, tiene el car\u00e1cter y la fuerza para sostener el terrible peso del poder en M\u00e9xico\u201d.<\/span><\/p>\n<p><span style=\"font-size: 14pt;\">La presentaci\u00f3n del libro desarrollada este domingo como parte del programa de la feria del libro de la Alameda Central, organizado por la Brigada Para Leer en Libertad, transcurri\u00f3 en medio de una charla entre ambos, llena de an\u00e9cdotas, por momento de risas y hasta del \u201camor\u201d, cuando el escritor ley\u00f3 unos p\u00e1rrafos en el que cuenta el momento que conoci\u00f3 a Paloma Saiz, su esposa. \u201cEsa media cuartilla que escribe Paco de Paloma, a m\u00ed se me salieron las l\u00e1grimas\u201d, a\u00f1adi\u00f3 la morenista.<\/span><\/p>\n<p><span style=\"font-size: 14pt;\">En la rese\u00f1a incluida en el libro, se expone que se trata de una cr\u00f3nica autobiogr\u00e1fica, novelada con algo de ficci\u00f3n, en la que hace una narrativa de una generaci\u00f3n de militantes de izquierda mexicanos. De las derrotas, crisis, dudas y hasta de los poemas favoritos de esas generaciones. En la presentaci\u00f3n de esta noche tambi\u00e9n incluy\u00f3 que es un \u201crecomendadero\u201d de pel\u00edculas, obras de teatro y libros que leer, ya que insisti\u00f3 que su tesis es que una izquierda que no lee no es izquierda.<\/span><\/p>\n<p><span style=\"font-size: 14pt;\">\u201cQuiero votar por una presidenta que lee, no por los presidentes que no leen\u201d, indic\u00f3 Taibo II. Al instante, surgi\u00f3 el coro de \u201cpresidenta, presidenta\u201d en la carpa que fue colocada a un costado del Palacio de Bellas Artes.<\/span><\/p>\n<p><span style=\"font-size: 14pt;\">El libro, explic\u00f3 el escritor, tambi\u00e9n \u00abmanda un mensaje a la 4T de m\u00e1s y m\u00e1s a la izquierda, m\u00e1s adelante, m\u00e1s hacia el fondo, m\u00e1s profundidad\u201d. Momentos antes, se\u00f1al\u00f3 que \u201chay exceso de sapos en nuestras filas (morenistas), pero mientras no volvamos a ganar las elecciones por mayor\u00eda abrumadora, pues ah\u00ed d\u00e9jenlos sobrevivir\u201d.<\/span><\/p>\n<p><span style=\"font-size: 14pt;\">Mientras que, al definir al escritor como, \u201cquiz\u00e1 el historiador m\u00e1s prominente\u201d, Sheinbaum Pardo record\u00f3 que conoci\u00f3 a Taibo II cuando, de manera sorpresiva, el escritor se present\u00f3 en una de las marchas del Consejo Estudiantil Universitario (CEU) en 1986. Al verlo, \u201cnos pusimos locos, felices de la vida. Fue la primera vez que lo vi de amigos, de compa\u00f1eros de lucha\u201d, subray\u00f3.<\/span><\/p>\n<p><span style=\"font-size: 14pt;\">La precandidata dej\u00f3 de lado los mensajes para simpatizantes, y salvo fugaces referencias a lo que ha percibido de la poblaci\u00f3n durante su precampa\u00f1a, destin\u00f3 la presentaci\u00f3n al libro, su autor y los movimientos sociales que ah\u00ed se relatan.<\/span><\/p>\n","protected":false},"excerpt":{"rendered":"<p>Durante un acto distinto a los que ha encabezado en su precampa\u00f1a, Claudia Sheinbaum, precandidata presidencial por la coalici\u00f3n Sigamos<\/p>\n","protected":false},"author":4,"featured_media":21895,"comment_status":"closed","ping_status":"closed","sticky":false,"template":"","format":"standard","meta":{"colormag_page_container_layout":"default_layout","colormag_page_sidebar_layout":"default_layout","_jetpack_memberships_contains_paid_content":false,"footnotes":"","jetpack_publicize_message":"","jetpack_publicize_feature_enabled":true,"jetpack_social_post_already_shared":true,"jetpack_social_options":{"image_generator_settings":{"template":"highway","default_image_id":0,"font":"","enabled":false},"version":2}},"categories":[4],"tags":[],"class_list":["post-21894","post","type-post","status-publish","format-standard","has-post-thumbnail","hentry","category-nacional"],"jetpack_publicize_connections":[],"jetpack_featured_media_url":"https:\/\/noticiasveracruz.com\/wp-content\/uploads\/2023\/12\/SHEIN.jpg","jetpack_sharing_enabled":true,"publishpress_future_action":{"enabled":false,"date":"2026-05-06 00:35:43","action":"change-status","newStatus":"draft","terms":[],"taxonomy":"category","extraData":[]},"publishpress_future_workflow_manual_trigger":{"enabledWorkflows":[]},"_links":{"self":[{"href":"https:\/\/noticiasveracruz.com\/index.php\/wp-json\/wp\/v2\/posts\/21894","targetHints":{"allow":["GET"]}}],"collection":[{"href":"https:\/\/noticiasveracruz.com\/index.php\/wp-json\/wp\/v2\/posts"}],"about":[{"href":"https:\/\/noticiasveracruz.com\/index.php\/wp-json\/wp\/v2\/types\/post"}],"author":[{"embeddable":true,"href":"https:\/\/noticiasveracruz.com\/index.php\/wp-json\/wp\/v2\/users\/4"}],"replies":[{"embeddable":true,"href":"https:\/\/noticiasveracruz.com\/index.php\/wp-json\/wp\/v2\/comments?post=21894"}],"version-history":[{"count":0,"href":"https:\/\/noticiasveracruz.com\/index.php\/wp-json\/wp\/v2\/posts\/21894\/revisions"}],"wp:featuredmedia":[{"embeddable":true,"href":"https:\/\/noticiasveracruz.com\/index.php\/wp-json\/wp\/v2\/media\/21895"}],"wp:attachment":[{"href":"https:\/\/noticiasveracruz.com\/index.php\/wp-json\/wp\/v2\/media?parent=21894"}],"wp:term":[{"taxonomy":"category","embeddable":true,"href":"https:\/\/noticiasveracruz.com\/index.php\/wp-json\/wp\/v2\/categories?post=21894"},{"taxonomy":"post_tag","embeddable":true,"href":"https:\/\/noticiasveracruz.com\/index.php\/wp-json\/wp\/v2\/tags?post=21894"}],"curies":[{"name":"wp","href":"https:\/\/api.w.org\/{rel}","templated":true}]}}