{"id":21891,"date":"2023-12-11T08:37:47","date_gmt":"2023-12-11T14:37:47","guid":{"rendered":"https:\/\/noticiasveracruz.com\/?p=21891"},"modified":"2023-12-11T08:37:47","modified_gmt":"2023-12-11T14:37:47","slug":"tren-maya-un-proyecto-de-efecto-multiplicadoramlo","status":"publish","type":"post","link":"https:\/\/noticiasveracruz.com\/index.php\/2023\/12\/11\/tren-maya-un-proyecto-de-efecto-multiplicadoramlo\/","title":{"rendered":"Tren Maya, un proyecto \u201cde efecto multiplicador\u201d:AMLO"},"content":{"rendered":"<p><span style=\"font-size: 14pt;\">A cuatro d\u00edas de inaugurar la primera etapa del Tren Maya (de Campeche a Canc\u00fan), el presidente Andr\u00e9s Manuel L\u00f3pez Obrador destac\u00f3 que la obra no s\u00f3lo beneficiar\u00e1 al sureste del pa\u00eds, sino que se trata de un proyecto \u201cde efecto multiplicador\u201d.<\/span><\/p>\n<p><span style=\"font-size: 14pt;\">Durante la ma\u00f1anera de este lunes en Palacio Nacional, al presentar los avances de los Tramos 5, 6 y 7 (que ir\u00e1n de Canc\u00fan a Esc\u00e1rcega), el general \u00d3scar David Lozano \u00c1guila, director general de la empresa Tren Maya, dependiente de la Secretar\u00eda de la Defensa Nacional, detall\u00f3 que \u201cla experiencia\u201d inicia este viernes 15 de diciembre, y el s\u00e1bado 16 el proyecto ya estar\u00e1 abierto para el servicio a pasajeros.<\/span><\/p>\n<p><span style=\"font-size: 14pt;\">Al abrir la conferencia, el mandatario se\u00f1al\u00f3 por su parte: \u201cTodo lo que significa esta obra, tiene un efecto multiplicador, tiene que ver con todo el pa\u00eds. Hay quienes piensan: \u2018Es el sureste\u2019; y s\u00ed, s\u00ed, es el sureste, que ya le tocaba.<\/span><\/p>\n<p><span style=\"font-size: 14pt;\">\u201cPero pues los talleres de elaboraci\u00f3n de estructuras de acero est\u00e1n en Jalisco; los fabricantes del concreto, est\u00e1n en Nuevo Le\u00f3n; y los trenes se est\u00e1n haciendo en Hidalgo; y bueno, los trabajadores, t\u00e9cnicos, soldadores, \u00bfde d\u00f3nde son los mejores? No me atrevo a eso, a decir, pero son muy buenos los del estado de M\u00e9xico, son muy buenos los de Hidalgo, los de la mixteca de Oaxaca, de Puebla, todo M\u00e9xico, todo M\u00e9xico, ah\u00ed tenemos primer lugar mundial en la calidad de la mano de obra para la construcci\u00f3n\u201d.<\/span><\/p>\n<p><span style=\"font-size: 14pt;\">El jefe del Ejecutivo dijo que el primer tramo que se abrir\u00e1 este viernes 15 de diciembre es de Campeche a Canc\u00fan, que abarca los Tramos 2, 3 y 4; en tanto que el 31 de este mes se ampliar\u00e1 la ruta para el Tramo 1, que alcanzar\u00e1 desde el punto del caribe en Quintana Roo hasta Palenque, Chiapas.<\/span><\/p>\n<p><span style=\"font-size: 14pt;\">En tanto que los Tramos 5, 6 y 7, de Canc\u00fan a Esc\u00e1rcega, Chiapas, se inaugurar\u00e1 a finales de febrero del pr\u00f3ximo a\u00f1o, \u201cpara cerrar completamente todo el circuito, los mil 554 kil\u00f3metros\u201d.<\/span><\/p>\n<p><span style=\"font-size: 14pt;\">Agreg\u00f3: \u201ceste tramo 5, 6 y 7, que tiene que ver con Canc\u00fan, Tulum, Chetumal, antes pasando por Carrillo Puerto, tambi\u00e9n por Bacalar, Xpujil, Calakmul, Esc\u00e1rcega, este tramo pensamos inaugurarlo a finales de febrero\u201d.<\/span><\/p>\n<p><span style=\"font-size: 14pt;\">En esa obra, indic\u00f3, trabajan empresas como ICA, Mota-Engil, Grupo Indi, a la par con los ingenieros militares; adem\u00e1s de la construcci\u00f3n de los trenes por parte de Alston.<\/span><\/p>\n<p><span style=\"font-size: 14pt;\">\u201cSin trenes, aunque tengamos las v\u00edas, vamos a avanzando en los trenes, ya tenemos seis trenes all\u00e1 y siguen fabricando los trenes en Ciudad Sahag\u00fan\u201d.<\/span><\/p>\n<p><span style=\"font-size: 14pt;\">En tanto, el general Lozano \u00c1guila report\u00f3 que en los Tramos 5, 6 y 7 ya presentan un avanza relevante y estim\u00f3 que esta etapa se inaugurar\u00e1 el 29 de febrero del pr\u00f3ximo a\u00f1o, con lo que se cerrar\u00e1 todo el circuito y el proyecto estar\u00e1 completo en esa fecha.<\/span><\/p>\n","protected":false},"excerpt":{"rendered":"<p>A cuatro d\u00edas de inaugurar la primera etapa del Tren Maya (de Campeche a Canc\u00fan), el presidente Andr\u00e9s Manuel L\u00f3pez<\/p>\n","protected":false},"author":4,"featured_media":21892,"comment_status":"closed","ping_status":"closed","sticky":false,"template":"","format":"standard","meta":{"colormag_page_container_layout":"default_layout","colormag_page_sidebar_layout":"default_layout","_jetpack_memberships_contains_paid_content":false,"footnotes":"","jetpack_publicize_message":"","jetpack_publicize_feature_enabled":true,"jetpack_social_post_already_shared":true,"jetpack_social_options":{"image_generator_settings":{"template":"highway","default_image_id":0,"font":"","enabled":false},"version":2}},"categories":[4],"tags":[],"class_list":["post-21891","post","type-post","status-publish","format-standard","has-post-thumbnail","hentry","category-nacional"],"jetpack_publicize_connections":[],"jetpack_featured_media_url":"https:\/\/noticiasveracruz.com\/wp-content\/uploads\/2023\/12\/AMLO-1-OK.jpg","jetpack_sharing_enabled":true,"publishpress_future_action":{"enabled":false,"date":"2026-05-06 00:46:43","action":"change-status","newStatus":"draft","terms":[],"taxonomy":"category","extraData":[]},"publishpress_future_workflow_manual_trigger":{"enabledWorkflows":[]},"_links":{"self":[{"href":"https:\/\/noticiasveracruz.com\/index.php\/wp-json\/wp\/v2\/posts\/21891","targetHints":{"allow":["GET"]}}],"collection":[{"href":"https:\/\/noticiasveracruz.com\/index.php\/wp-json\/wp\/v2\/posts"}],"about":[{"href":"https:\/\/noticiasveracruz.com\/index.php\/wp-json\/wp\/v2\/types\/post"}],"author":[{"embeddable":true,"href":"https:\/\/noticiasveracruz.com\/index.php\/wp-json\/wp\/v2\/users\/4"}],"replies":[{"embeddable":true,"href":"https:\/\/noticiasveracruz.com\/index.php\/wp-json\/wp\/v2\/comments?post=21891"}],"version-history":[{"count":0,"href":"https:\/\/noticiasveracruz.com\/index.php\/wp-json\/wp\/v2\/posts\/21891\/revisions"}],"wp:featuredmedia":[{"embeddable":true,"href":"https:\/\/noticiasveracruz.com\/index.php\/wp-json\/wp\/v2\/media\/21892"}],"wp:attachment":[{"href":"https:\/\/noticiasveracruz.com\/index.php\/wp-json\/wp\/v2\/media?parent=21891"}],"wp:term":[{"taxonomy":"category","embeddable":true,"href":"https:\/\/noticiasveracruz.com\/index.php\/wp-json\/wp\/v2\/categories?post=21891"},{"taxonomy":"post_tag","embeddable":true,"href":"https:\/\/noticiasveracruz.com\/index.php\/wp-json\/wp\/v2\/tags?post=21891"}],"curies":[{"name":"wp","href":"https:\/\/api.w.org\/{rel}","templated":true}]}}