{"id":21888,"date":"2023-12-11T08:35:20","date_gmt":"2023-12-11T14:35:20","guid":{"rendered":"https:\/\/noticiasveracruz.com\/?p=21888"},"modified":"2023-12-11T08:35:20","modified_gmt":"2023-12-11T14:35:20","slug":"defiende-reyes-rodriguez-su-permanencia-en-el-tepjf","status":"publish","type":"post","link":"https:\/\/noticiasveracruz.com\/index.php\/2023\/12\/11\/defiende-reyes-rodriguez-su-permanencia-en-el-tepjf\/","title":{"rendered":"Defiende Reyes Rodr\u00edguez su permanencia en el TEPJF"},"content":{"rendered":"<div class=\"col col1\">\n<p class=\"s-s\"><span style=\"font-size: 14pt;\">El magistrado presidente del Tribunal Electoral del Poder Judicial de la Federaci\u00f3n (TEPJF), Reyes Rodr\u00edguez Mondrag\u00f3n, sostendr\u00e1 la defensa en su cargo y para ello revel\u00f3 algunas decisiones de racionalidad y austeridad que ha tomado en las pol\u00edticas administrativas internas, as\u00ed como la distribuci\u00f3n de \u00e1reas que ostentan las magistraturas.<\/span><\/p>\n<p><span style=\"font-size: 14pt;\">En medio de la ruptura con los magistrados M\u00f3nica Soto, Felipe Fuentes y Felipe de la Mata, quienes argumentaron que le perdieron confianza por su manejo administrativo, el magistrado presidente public\u00f3 cuatro cuartillas en su cuenta de la red social X, donde desglosa una serie de pol\u00edticas en su gesti\u00f3n y al final asevera que la decisi\u00f3n de separarse de su cargo \u201crequiere ponderar las consecuencias y calibrar sus efectos en plenas campa\u00f1as de la Presidencia de la Rep\u00fablica.<\/span><\/p>\n<p><span style=\"font-size: 14pt;\"><q>Est\u00e9n ciertos de que la democracia mexicana, la independencia judicial, la autonom\u00eda de la instituci\u00f3n, mi compromiso con la justicia, as\u00ed como la estabilidad del proceso electoral estar\u00e1n al centro de mi valoraci\u00f3n<\/q>, subray\u00f3 en la parte final de este comunicado, publicado en una cuente reciente, pues hab\u00eda dejado de tener presencia en esta red social, despu\u00e9s de que su anterior perfil fue\u00a0<em>hackeado<\/em>.<\/span><\/p>\n<p><span style=\"font-size: 14pt;\">Dos horas despu\u00e9s de que public\u00f3 el comunicado, los tres magistrados le reprocharon, se\u00f1alando que con ello quer\u00eda confundir a la ciudadan\u00eda.<\/span><\/p>\n<p><span style=\"font-size: 14pt;\"><q>Se equivoca al pretender generar una falsa percepci\u00f3n acerca de las razones que nos motivan a pedir su renuncia<\/q>, espetaron.<\/span><\/p>\n<p><span style=\"font-size: 14pt;\">Antes, Reyes Rodr\u00edguez indic\u00f3 que tras la ausencia de Soto, Fuentes y De la Mata en el informe de labores que present\u00f3 el lunes 4 de diciembre en la Suprema Corte de Justicia de la Naci\u00f3n, les pidi\u00f3 una reuni\u00f3n privada para saber sus razones.<\/span><\/p>\n<p><span style=\"font-size: 14pt;\">El mi\u00e9rcoles pasado los tres disidentes aceptaron tener ese encuentro entre los cinco de los siete magistrados que debe tener la sala superior (ya que hay dos vacantes que deber\u00e1 designar el Senado). Ah\u00ed, le hicieron saber que\u00a0<q>hab\u00eda una p\u00e9rdida de confianza<\/q>\u00a0y por ello le solicitaban su renuncia.<\/span><\/p>\n<\/div>\n<div class=\"col col2\">\n<p><span style=\"font-size: 14pt;\">Ayer, los mismos magistrados justificaron en un documento que\u00a0<q>por respeto a esta instituci\u00f3n<\/q>\u00a0evitaron detallar las razones por las que quieren su dimisi\u00f3n, pero\u00a0<q>\u00e9l sabe cu\u00e1les son esos motivos y conoce perfectamente el camino para encontrar una soluci\u00f3n<\/q>.<\/span><\/p>\n<p><span style=\"font-size: 14pt;\">Incluso lo acusaron de servir a intereses ajenos al tribunal y que por ello\u00a0<q>ha mostrado debilidad en el manejo de esta instituci\u00f3n, que es de vital importancia para la estabilidad democr\u00e1tica del pa\u00eds<\/q>.<\/span><\/p>\n<p><span style=\"font-size: 14pt;\">Por su parte, Rodr\u00edguez Mondrag\u00f3n detall\u00f3 que emprendi\u00f3 una pol\u00edtica de racionalidad del gasto y austeridad, por lo que se han reducido beneficios, como restringir \u201cel gasto en vi\u00e1ticos y pasajes internacionales. Por ejemplo, la compra de pasajes para magistraturas en categor\u00eda\u00a0<em>business\u00a0<\/em>debe ser excepcional y justificada\u201d.<\/span><\/p>\n<p><span style=\"font-size: 14pt;\">Otra de las decisiones que adopt\u00f3, explic\u00f3, fue reducir de nueve a cinco veh\u00edculos por magistratura, as\u00ed como un l\u00edmite de dos dispositivos de peaje en carreteras y autopistas urbanas, con lo que han logrado disminuir a menos de la mitad los gastos, pasando de 578 mil pesos en 2021 a 249 mil pesos este a\u00f1o por ese concepto.<\/span><\/p>\n<p><span style=\"font-size: 14pt;\">Admiti\u00f3 que s\u00ed solicit\u00f3 una auditor\u00eda en la Secretar\u00eda de Acuerdos.\u00a0<q>Sin embargo, las tres magistraturas inconformes con esta pol\u00edtica de rendici\u00f3n de cuentas giraron un oficio para dejar sin efectos la inspecci\u00f3n a cargo de la Visitadur\u00eda Judicial del TEPJF<\/q>. Adem\u00e1s, neg\u00f3 \u201ccateg\u00f3ricamente cualquier se\u00f1alamiento y participaci\u00f3n en alg\u00fan hecho il\u00edcito.<\/span><\/p>\n<p><span style=\"font-size: 14pt;\"><q>Quiero ser enf\u00e1tico en se\u00f1alar que siempre he buscado el di\u00e1logo m\u00e1s amplio y abierto posible para la conducci\u00f3n del m\u00e1ximo tribunal electoral de nuestro pa\u00eds<\/q>, asever\u00f3, aunque la reanudaci\u00f3n de la sesi\u00f3n p\u00fablica no se convoc\u00f3 hasta el cierre de esta edici\u00f3n.<\/span><\/p>\n<\/div>\n","protected":false},"excerpt":{"rendered":"<p>El magistrado presidente del Tribunal Electoral del Poder Judicial de la Federaci\u00f3n (TEPJF), Reyes Rodr\u00edguez Mondrag\u00f3n, sostendr\u00e1 la defensa en<\/p>\n","protected":false},"author":4,"featured_media":21889,"comment_status":"closed","ping_status":"closed","sticky":false,"template":"","format":"standard","meta":{"colormag_page_container_layout":"default_layout","colormag_page_sidebar_layout":"default_layout","_jetpack_memberships_contains_paid_content":false,"footnotes":"","jetpack_publicize_message":"","jetpack_publicize_feature_enabled":true,"jetpack_social_post_already_shared":true,"jetpack_social_options":{"image_generator_settings":{"template":"highway","default_image_id":0,"font":"","enabled":false},"version":2}},"categories":[4],"tags":[],"class_list":["post-21888","post","type-post","status-publish","format-standard","has-post-thumbnail","hentry","category-nacional"],"jetpack_publicize_connections":[],"jetpack_featured_media_url":"https:\/\/noticiasveracruz.com\/wp-content\/uploads\/2023\/12\/TEPJF_120320.jpg","jetpack_sharing_enabled":true,"publishpress_future_action":{"enabled":false,"date":"2026-05-06 01:25:10","action":"change-status","newStatus":"draft","terms":[],"taxonomy":"category","extraData":[]},"publishpress_future_workflow_manual_trigger":{"enabledWorkflows":[]},"_links":{"self":[{"href":"https:\/\/noticiasveracruz.com\/index.php\/wp-json\/wp\/v2\/posts\/21888","targetHints":{"allow":["GET"]}}],"collection":[{"href":"https:\/\/noticiasveracruz.com\/index.php\/wp-json\/wp\/v2\/posts"}],"about":[{"href":"https:\/\/noticiasveracruz.com\/index.php\/wp-json\/wp\/v2\/types\/post"}],"author":[{"embeddable":true,"href":"https:\/\/noticiasveracruz.com\/index.php\/wp-json\/wp\/v2\/users\/4"}],"replies":[{"embeddable":true,"href":"https:\/\/noticiasveracruz.com\/index.php\/wp-json\/wp\/v2\/comments?post=21888"}],"version-history":[{"count":0,"href":"https:\/\/noticiasveracruz.com\/index.php\/wp-json\/wp\/v2\/posts\/21888\/revisions"}],"wp:featuredmedia":[{"embeddable":true,"href":"https:\/\/noticiasveracruz.com\/index.php\/wp-json\/wp\/v2\/media\/21889"}],"wp:attachment":[{"href":"https:\/\/noticiasveracruz.com\/index.php\/wp-json\/wp\/v2\/media?parent=21888"}],"wp:term":[{"taxonomy":"category","embeddable":true,"href":"https:\/\/noticiasveracruz.com\/index.php\/wp-json\/wp\/v2\/categories?post=21888"},{"taxonomy":"post_tag","embeddable":true,"href":"https:\/\/noticiasveracruz.com\/index.php\/wp-json\/wp\/v2\/tags?post=21888"}],"curies":[{"name":"wp","href":"https:\/\/api.w.org\/{rel}","templated":true}]}}