{"id":21639,"date":"2023-12-07T11:16:24","date_gmt":"2023-12-07T17:16:24","guid":{"rendered":"https:\/\/noticiasveracruz.com\/?p=21639"},"modified":"2023-12-07T11:16:24","modified_gmt":"2023-12-07T17:16:24","slug":"sale-de-prision-el-expresidente-alberto-fujimori","status":"publish","type":"post","link":"https:\/\/noticiasveracruz.com\/index.php\/2023\/12\/07\/sale-de-prision-el-expresidente-alberto-fujimori\/","title":{"rendered":"Sale de prisi\u00f3n el expresidente Alberto Fujimori"},"content":{"rendered":"<p><span style=\"font-size: 14pt;\"><em>Lima<\/em>. El expresidente peruano Alberto Fujimori sali\u00f3 el mi\u00e9rcoles de la c\u00e1rcel donde cumpl\u00eda una condena de 25 a\u00f1os, por el asesinato de 25 civiles durante su gobierno, a ra\u00edz de una controvertida orden del Tribunal Constitucional.<\/span><\/p>\n<p><span style=\"font-size: 14pt;\">El alto tribunal orden\u00f3 la v\u00edspera su liberaci\u00f3n inmediata pese a que la Corte Interamericana de Derechos Humanos pidi\u00f3 al Estado peruano que no ejecute esa disposici\u00f3n constitucional hasta que el organismo internacional cuente con todos los elementos necesarios para analizar si el fallo cumple con todas las condiciones.<\/span><\/p>\n<p><span style=\"font-size: 14pt;\">La excarcelaci\u00f3n requerida el martes demor\u00f3 hasta un d\u00eda despu\u00e9s por un error de tr\u00e1mite subsanado durante la jornada.<\/span><\/p>\n<p><img loading=\"lazy\" decoding=\"async\" class=\"alignnone size-medium wp-image-21641\" src=\"http:\/\/noticiasveracruz.com\/wp-content\/uploads\/2023\/12\/th-1-300x200.jpg\" alt=\"\" width=\"300\" height=\"200\" srcset=\"https:\/\/noticiasveracruz.com\/wp-content\/uploads\/2023\/12\/th-1-300x200.jpg 300w, https:\/\/noticiasveracruz.com\/wp-content\/uploads\/2023\/12\/th-1.jpg 474w\" sizes=\"auto, (max-width: 300px) 100vw, 300px\" \/><\/p>\n<p><span style=\"font-size: 14pt;\">Es la segunda vez que Fujimori, de 85 a\u00f1os, es liberado.<\/span><\/p>\n<p><span style=\"font-size: 14pt;\">La primera fue la noche de Navidad de 2017 cuando el exmandatario estaba internado en una cl\u00ednica por una ca\u00edda de su presi\u00f3n sangu\u00ednea y recibi\u00f3 un indulto humanitario del entonces presidente Pedro Pablo Kuczynski (2016-2018), cuyo d\u00e9bil gobierno necesitaba el apoyo de una parte de la bancada fujimorista.<\/span><\/p>\n<p><span style=\"font-size: 14pt;\">El indulto fue anulado en 2018 por la Corte Suprema que lo consider\u00f3 \u201cincompatible con las obligaciones internacionales\u201d. Fujimori retorn\u00f3 a prisi\u00f3n en 2019.<\/span><\/p>\n<p><span style=\"font-size: 14pt;\">En esta ocasi\u00f3n Fujimori \u2014que gobern\u00f3 entre 1990-2000\u2014 sali\u00f3 en un veh\u00edculo acompa\u00f1ado de su hija mayor Keiko Fujimori, la l\u00edder del partido derechista Fuerza Popular, y de su hijo menor el excongresista Kenji Fujimori.<\/span><\/p>\n","protected":false},"excerpt":{"rendered":"<p>Lima. El expresidente peruano Alberto Fujimori sali\u00f3 el mi\u00e9rcoles de la c\u00e1rcel donde cumpl\u00eda una condena de 25 a\u00f1os, por<\/p>\n","protected":false},"author":4,"featured_media":21640,"comment_status":"closed","ping_status":"closed","sticky":false,"template":"","format":"standard","meta":{"colormag_page_container_layout":"default_layout","colormag_page_sidebar_layout":"default_layout","_jetpack_memberships_contains_paid_content":false,"footnotes":"","jetpack_publicize_message":"","jetpack_publicize_feature_enabled":true,"jetpack_social_post_already_shared":true,"jetpack_social_options":{"image_generator_settings":{"template":"highway","default_image_id":0,"font":"","enabled":false},"version":2}},"categories":[355],"tags":[],"class_list":["post-21639","post","type-post","status-publish","format-standard","has-post-thumbnail","hentry","category-internacional"],"jetpack_publicize_connections":[],"jetpack_featured_media_url":"https:\/\/noticiasveracruz.com\/wp-content\/uploads\/2023\/12\/7PJHW7HLQNHKNKF2VUFO3NFXR4.jpg","jetpack_sharing_enabled":true,"publishpress_future_action":{"enabled":false,"date":"2026-05-09 05:11:08","action":"change-status","newStatus":"draft","terms":[],"taxonomy":"category","extraData":[]},"publishpress_future_workflow_manual_trigger":{"enabledWorkflows":[]},"_links":{"self":[{"href":"https:\/\/noticiasveracruz.com\/index.php\/wp-json\/wp\/v2\/posts\/21639","targetHints":{"allow":["GET"]}}],"collection":[{"href":"https:\/\/noticiasveracruz.com\/index.php\/wp-json\/wp\/v2\/posts"}],"about":[{"href":"https:\/\/noticiasveracruz.com\/index.php\/wp-json\/wp\/v2\/types\/post"}],"author":[{"embeddable":true,"href":"https:\/\/noticiasveracruz.com\/index.php\/wp-json\/wp\/v2\/users\/4"}],"replies":[{"embeddable":true,"href":"https:\/\/noticiasveracruz.com\/index.php\/wp-json\/wp\/v2\/comments?post=21639"}],"version-history":[{"count":0,"href":"https:\/\/noticiasveracruz.com\/index.php\/wp-json\/wp\/v2\/posts\/21639\/revisions"}],"wp:featuredmedia":[{"embeddable":true,"href":"https:\/\/noticiasveracruz.com\/index.php\/wp-json\/wp\/v2\/media\/21640"}],"wp:attachment":[{"href":"https:\/\/noticiasveracruz.com\/index.php\/wp-json\/wp\/v2\/media?parent=21639"}],"wp:term":[{"taxonomy":"category","embeddable":true,"href":"https:\/\/noticiasveracruz.com\/index.php\/wp-json\/wp\/v2\/categories?post=21639"},{"taxonomy":"post_tag","embeddable":true,"href":"https:\/\/noticiasveracruz.com\/index.php\/wp-json\/wp\/v2\/tags?post=21639"}],"curies":[{"name":"wp","href":"https:\/\/api.w.org\/{rel}","templated":true}]}}