{"id":21627,"date":"2023-12-07T10:59:40","date_gmt":"2023-12-07T16:59:40","guid":{"rendered":"https:\/\/noticiasveracruz.com\/?p=21627"},"modified":"2023-12-07T10:59:40","modified_gmt":"2023-12-07T16:59:40","slug":"con-prevencion-veracruz-esta-mejor-protegido-spc","status":"publish","type":"post","link":"https:\/\/noticiasveracruz.com\/index.php\/2023\/12\/07\/con-prevencion-veracruz-esta-mejor-protegido-spc\/","title":{"rendered":"Con prevenci\u00f3n, Veracruz  est\u00e1 mejor protegido: SPC"},"content":{"rendered":"<p><span style=\"font-size: 14pt;\">Veracruz.- La LXVI Legislatura concluy\u00f3 el periodo de comparecencias de las y los titulares de las secretar\u00edas del gobierno estatal y equivalentes, correspondientes a la glosa del Quinto Informe de Gobierno. La Comisi\u00f3n Permanente de Protecci\u00f3n Civil, compuesta por el diputado Luis Arturo Santiago Mart\u00ednez y por las diputadas Gisela L\u00f3pez L\u00f3pez e Illya Dolores Escobar Mart\u00ednez, presidente, secretaria y vocal, respectivamente, cerr\u00f3 este ciclo con la presentaci\u00f3n de la titular de la Secretar\u00eda de Protecci\u00f3n Civil (SPC), Guadalupe Osorno Maldonado.<\/span><\/p>\n<p><span style=\"font-size: 14pt;\">Ante esta representaci\u00f3n popular, la servidora p\u00fablica dio a conocer un resumen de los trabajos que han sentado las bases de la estrategia preventiva en materia de protecci\u00f3n civil en el estado. Expuso lo realizado para lograr la mejora de las capacidades institucionales con el desarrollo de plataformas de informaci\u00f3n y coordinaci\u00f3n como el Atlas de Riesgos del Estado de Veracruz (AREV) y el Sistema de Alertamiento Temprano para Veracruz (SIAT Ver), una herencia para la Gesti\u00f3n Integral de Riesgos en el estado y en el pa\u00eds.<\/span><\/p>\n<p><img loading=\"lazy\" decoding=\"async\" class=\"alignnone size-medium wp-image-21629\" src=\"http:\/\/noticiasveracruz.com\/wp-content\/uploads\/2023\/12\/8a2-1-300x200.jpg\" alt=\"\" width=\"300\" height=\"200\" srcset=\"https:\/\/noticiasveracruz.com\/wp-content\/uploads\/2023\/12\/8a2-1-300x200.jpg 300w, https:\/\/noticiasveracruz.com\/wp-content\/uploads\/2023\/12\/8a2-1-1024x684.jpg 1024w, https:\/\/noticiasveracruz.com\/wp-content\/uploads\/2023\/12\/8a2-1-768x513.jpg 768w, https:\/\/noticiasveracruz.com\/wp-content\/uploads\/2023\/12\/8a2-1-1536x1025.jpg 1536w, https:\/\/noticiasveracruz.com\/wp-content\/uploads\/2023\/12\/8a2-1.jpg 1600w\" sizes=\"auto, (max-width: 300px) 100vw, 300px\" \/><\/p>\n<p><span style=\"font-size: 14pt;\">Bajo el principio de que las acciones deben estar centradas en las personas, la Secretaria destac\u00f3 la organizaci\u00f3n de los Congresos Internacionales de Gesti\u00f3n Integral de Riesgos en Veracruz, adem\u00e1s de los eventos enfocados a poblaci\u00f3n infantil y juvenil, como las macroferias Aprendo a Cuidarme, el Rally para Adolescentes y otros productos que han permitido atender a p\u00fablicos espec\u00edficos.<\/span><\/p>\n<p><span style=\"font-size: 14pt;\">Dijo que, en materia de auxilio y recuperaci\u00f3n, la coordinaci\u00f3n de esfuerzos con otras dependencias, el uso transparente de los recursos y la responsabilidad han permitido dar una respuesta eficaz y oportuna en los momentos de mayor vulnerabilidad para la poblaci\u00f3n. Un ejemplo es el uso de los recursos del Fideicomiso de Protecci\u00f3n Civil para la atenci\u00f3n de desastres y otros siniestros.<\/span><\/p>\n<p><span style=\"font-size: 14pt;\">Con el objetivo de involucrar directamente a la poblaci\u00f3n en la identificaci\u00f3n de riesgos en el nivel local, se conformaron 278 brigadas comunitarias en 94 municipios con 818 mujeres y 895 hombres; en 193 participan personas en situaci\u00f3n de vulnerabilidad. La SPC acompa\u00f1\u00f3 a 43 brigadas en 24 municipios para la elaboraci\u00f3n de su plan local y asesor\u00f3 99 Unidades Municipales de Protecci\u00f3n Civil (UMPC).<\/span><\/p>\n<p><span style=\"font-size: 14pt;\">La dependencia tambi\u00e9n dio asesor\u00eda para la elaboraci\u00f3n de los Programas Municipales de Protecci\u00f3n Civil, que sientan las bases para la construcci\u00f3n de los Atlas Municipales de Riesgos, para lo cual se llevaron a cabo 21 talleres presenciales con 52 UMPC, en los que \u00e9stas elaboraron 86 Programas.<\/span><\/p>\n<p><span style=\"font-size: 14pt;\">Para fortalecer las capacidades de gesti\u00f3n, atenci\u00f3n y reducci\u00f3n del riesgo de desastres ante fen\u00f3menos naturales y antropog\u00e9nicos, se llev\u00f3 a cabo, del 2 al 6 de octubre de este a\u00f1o, el Congreso Internacional de Gesti\u00f3n Integral del Riesgo de Desastres (GIRD) Veracruz, en el que participaron 11 pa\u00edses y 47 ponentes con el registro de 42 mil 625 visualizaciones.<\/span><\/p>\n<p><span style=\"font-size: 14pt;\">Guadalupe Osorno dio a conocer que el estado de Veracruz ya cuenta con su Atlas de Riesgos (AREV), desarrollado en una nueva plataforma, gratuita y accesible para todo p\u00fablico, basado en el programa MxSIG, propiedad del Instituto Nacional de Estad\u00edstica y Geograf\u00eda (Inegi).<\/span><\/p>\n<p><span style=\"font-size: 14pt;\">La funcionaria destac\u00f3 tambi\u00e9n el desarrollo del Programa Estatal de Regulaci\u00f3n en el cual se realizan visitas de verificaci\u00f3n y supervisi\u00f3n a empresas clasificadas de mediano y alto riesgo, centros de atenci\u00f3n infantil, inmuebles p\u00fablicos y privados, municipios con atenci\u00f3n de afectaciones derivadas del impacto de eventos perturbadores, as\u00ed como hospitales p\u00fablicos y privados.<\/span><\/p>\n<p><span style=\"font-size: 14pt;\">Mencion\u00f3 la publicaci\u00f3n, el 10 de julio de 2023, del Decreto n\u00famero 478 por el que se reforman, adicionan, derogan diversas disposiciones de la Ley de los Cuerpos de Bomberos del Estado de Veracruz y que tiene como objetivo dar certeza jur\u00eddica a dichas organizaciones del estado y que \u00e9stas atiendan incendios o emergencias en el menor tiempo posible y en mejores condiciones.<\/span><\/p>\n<p><span style=\"font-size: 14pt;\">Ante los fen\u00f3menos meteorol\u00f3gicos tropicales (ondas, disturbios, depresiones y tormentas tropicales y huracanes) y extratropicales (frentes fr\u00edos y nortes), la entidad adopt\u00f3 y desarroll\u00f3 el Sistema de Alertamiento Temprano para Veracruz (SIAT VER), cuyo objetivo es prevenir y coordinar la atenci\u00f3n para reducir la posible p\u00e9rdida de vidas humanas y da\u00f1os al patrimonio de la poblaci\u00f3n, de la infraestructura estatal y el medio ambiente.<\/span><\/p>\n<p><span style=\"font-size: 14pt;\">De acuerdo con su titular, la dependencia atiende, en colaboraci\u00f3n con la Secretar\u00eda de Medio Ambiente (Sedema) y la Comisi\u00f3n Nacional Forestal (Conafor), los incendios forestales y de pastizales. Durante este periodo, en coordinaci\u00f3n, mitigaron 221 incendios, que tuvo dos mil 230 hect\u00e1reas afectadas.<\/span><\/p>\n<p><span style=\"font-size: 14pt;\">Por \u00faltimo, la compareciente habl\u00f3 del seguimiento a los eventos socio-organizativos de mayor magnitud realizados en el territorio veracruzano, continuando con el acompa\u00f1amiento al Sistema de Comando de Incidentes, que representa las mejores pr\u00e1cticas al combinar instalaciones, equipamiento, personal, protocolos, procedimientos y comunicaciones, operando en una estructura organizacional com\u00fan, para la administraci\u00f3n responsable de recursos asignados para lograr efectivamente los objetivos pertinentes a un evento, incidente u operativo.<\/span><\/p>\n","protected":false},"excerpt":{"rendered":"<p>Veracruz.- La LXVI Legislatura concluy\u00f3 el periodo de comparecencias de las y los titulares de las secretar\u00edas del gobierno estatal<\/p>\n","protected":false},"author":4,"featured_media":21628,"comment_status":"closed","ping_status":"closed","sticky":false,"template":"","format":"standard","meta":{"colormag_page_container_layout":"default_layout","colormag_page_sidebar_layout":"default_layout","_jetpack_memberships_contains_paid_content":false,"footnotes":"","jetpack_publicize_message":"","jetpack_publicize_feature_enabled":true,"jetpack_social_post_already_shared":true,"jetpack_social_options":{"image_generator_settings":{"template":"highway","default_image_id":0,"font":"","enabled":false},"version":2}},"categories":[356],"tags":[],"class_list":["post-21627","post","type-post","status-publish","format-standard","has-post-thumbnail","hentry","category-veracruz"],"jetpack_publicize_connections":[],"jetpack_featured_media_url":"https:\/\/noticiasveracruz.com\/wp-content\/uploads\/2023\/12\/8a-3.jpg","jetpack_sharing_enabled":true,"publishpress_future_action":{"enabled":false,"date":"2026-05-07 11:14:48","action":"change-status","newStatus":"draft","terms":[],"taxonomy":"category","extraData":[]},"publishpress_future_workflow_manual_trigger":{"enabledWorkflows":[]},"_links":{"self":[{"href":"https:\/\/noticiasveracruz.com\/index.php\/wp-json\/wp\/v2\/posts\/21627","targetHints":{"allow":["GET"]}}],"collection":[{"href":"https:\/\/noticiasveracruz.com\/index.php\/wp-json\/wp\/v2\/posts"}],"about":[{"href":"https:\/\/noticiasveracruz.com\/index.php\/wp-json\/wp\/v2\/types\/post"}],"author":[{"embeddable":true,"href":"https:\/\/noticiasveracruz.com\/index.php\/wp-json\/wp\/v2\/users\/4"}],"replies":[{"embeddable":true,"href":"https:\/\/noticiasveracruz.com\/index.php\/wp-json\/wp\/v2\/comments?post=21627"}],"version-history":[{"count":0,"href":"https:\/\/noticiasveracruz.com\/index.php\/wp-json\/wp\/v2\/posts\/21627\/revisions"}],"wp:featuredmedia":[{"embeddable":true,"href":"https:\/\/noticiasveracruz.com\/index.php\/wp-json\/wp\/v2\/media\/21628"}],"wp:attachment":[{"href":"https:\/\/noticiasveracruz.com\/index.php\/wp-json\/wp\/v2\/media?parent=21627"}],"wp:term":[{"taxonomy":"category","embeddable":true,"href":"https:\/\/noticiasveracruz.com\/index.php\/wp-json\/wp\/v2\/categories?post=21627"},{"taxonomy":"post_tag","embeddable":true,"href":"https:\/\/noticiasveracruz.com\/index.php\/wp-json\/wp\/v2\/tags?post=21627"}],"curies":[{"name":"wp","href":"https:\/\/api.w.org\/{rel}","templated":true}]}}